{"id":2253,"date":"2026-08-26T10:13:14","date_gmt":"2026-08-26T07:13:14","guid":{"rendered":"https:\/\/verimin.com.tr\/blog\/?p=2253"},"modified":"2026-08-26T10:13:14","modified_gmt":"2026-08-26T07:13:14","slug":"sinirsiz-hosting","status":"publish","type":"post","link":"https:\/\/verimin.com.tr\/blog\/sinirsiz-hosting\/","title":{"rendered":"S\u0131n\u0131rs\u0131z Hosting Nedir? S\u0131n\u0131rs\u0131z Paketlerde Ger\u00e7ekte S\u0131n\u0131rlanan 5 Kaynak"},"content":{"rendered":"\n<p class=\"wp-block-paragraph\">S\u0131n\u0131rs\u0131z hosting, disk alan\u0131 ve ayl\u0131k trafik gibi kalemlerin pakette say\u0131sal bir \u00fcst s\u0131n\u0131r yaz\u0131lmadan sunuldu\u011fu payla\u015f\u0131ml\u0131 sunucu hizmetidir. T\u00fcrkiye&#8217;de ayn\u0131 hizmet &#8220;s\u0131n\u0131rs\u0131z web hosting&#8221; ve &#8220;limitsiz hosting&#8221; adlar\u0131yla sat\u0131l\u0131r; \u00fc\u00e7\u00fc ayn\u0131 paketi anlat\u0131r.<\/p>\n\n\n\n<p class=\"wp-block-paragraph\">Kar\u0131\u015f\u0131kl\u0131k, &#8220;s\u0131n\u0131rs\u0131z&#8221; kelimesinin paketin tamam\u0131n\u0131 de\u011fil yaln\u0131zca birka\u00e7 kalemini kapsamas\u0131ndan do\u011far. Disk alan\u0131, ayl\u0131k trafik, inode say\u0131s\u0131, e-posta hesab\u0131, veritaban\u0131, alt alan ad\u0131 ve FTP hesab\u0131 \u00fcst s\u0131n\u0131r yaz\u0131lmadan verilebilir. Buna kar\u015f\u0131l\u0131k i\u015flemci \u00e7ekirde\u011fi, bellek, giri\u015f\/\u00e7\u0131k\u0131\u015f (IO) h\u0131z\u0131, e\u015fzamanl\u0131 i\u015flem say\u0131s\u0131 ve bar\u0131nd\u0131r\u0131labilir site say\u0131s\u0131 her pakette say\u0131yla yazar; sitenin g\u00fcndelik performans\u0131n\u0131 as\u0131l bu be\u015f kaynak belirler.<\/p>\n\n\n\n<p class=\"wp-block-paragraph\">\u0130ki nokta ba\u015ftan ayr\u0131lmal\u0131d\u0131r. &#8220;S\u0131n\u0131rs\u0131z&#8221; ile &#8220;\u00fccretsiz&#8221; ayn\u0131 \u015fey de\u011fildir: biri kapsam\u0131, di\u011feri fiyat\u0131 tan\u0131mlar. S\u0131n\u0131rs\u0131zl\u0131\u011f\u0131n kapsam\u0131n\u0131 ise s\u00f6zle\u015fmedeki adil kullan\u0131m maddesi belirler. A\u015fa\u011f\u0131da hangi kalemlerin s\u0131n\u0131rs\u0131z sunuldu\u011funu, ger\u00e7ekte s\u0131n\u0131rlanan be\u015f kayna\u011f\u0131, adil kullan\u0131m\u0131n s\u0131n\u0131rs\u0131zl\u0131\u011f\u0131 nas\u0131l tan\u0131mlad\u0131\u011f\u0131n\u0131 ve s\u0131n\u0131rs\u0131zl\u0131k iddias\u0131n\u0131n sat\u0131n almadan \u00f6nce nas\u0131l do\u011frulanaca\u011f\u0131n\u0131 a\u00e7\u0131kl\u0131yoruz.<\/p>\n\n\n\n<figure class=\"wp-block-image size-large\"><img loading=\"lazy\" decoding=\"async\" width=\"1672\" height=\"941\" src=\"https:\/\/verimin.com.tr\/blog\/wp-content\/uploads\/2026\/08\/sinirsiz-hosting-sinirsiz-kalemler.avif\" alt=\"Paketlerde s\u0131n\u0131rs\u0131z olarak ilan edilen disk, trafik ve inode kalemleri\" class=\"wp-image-2238\" srcset=\"https:\/\/verimin.com.tr\/blog\/wp-content\/uploads\/2026\/08\/sinirsiz-hosting-sinirsiz-kalemler.avif 1672w, https:\/\/verimin.com.tr\/blog\/wp-content\/uploads\/2026\/08\/sinirsiz-hosting-sinirsiz-kalemler-300x169.avif 300w, https:\/\/verimin.com.tr\/blog\/wp-content\/uploads\/2026\/08\/sinirsiz-hosting-sinirsiz-kalemler-1024x576.avif 1024w, https:\/\/verimin.com.tr\/blog\/wp-content\/uploads\/2026\/08\/sinirsiz-hosting-sinirsiz-kalemler-768x432.avif 768w, https:\/\/verimin.com.tr\/blog\/wp-content\/uploads\/2026\/08\/sinirsiz-hosting-sinirsiz-kalemler-1536x864.avif 1536w, https:\/\/verimin.com.tr\/blog\/wp-content\/uploads\/2026\/08\/sinirsiz-hosting-sinirsiz-kalemler-195x110.avif 195w, https:\/\/verimin.com.tr\/blog\/wp-content\/uploads\/2026\/08\/sinirsiz-hosting-sinirsiz-kalemler-390x220.avif 390w, https:\/\/verimin.com.tr\/blog\/wp-content\/uploads\/2026\/08\/sinirsiz-hosting-sinirsiz-kalemler-1170x658.avif 1170w\" sizes=\"auto, (max-width: 1672px) 100vw, 1672px\" \/><\/figure>\n\n\n\n<div id=\"ez-toc-container\" class=\"ez-toc-v2_0_73 ez-toc-wrap-left counter-flat ez-toc-counter ez-toc-white ez-toc-container-direction\">\n<div class=\"ez-toc-title-container\">\n<div class=\"ez-toc-title\" style=\"cursor:inherit\">\u0130\u00e7erik Ba\u015fl\u0131klar\u0131:<\/div>\n<span class=\"ez-toc-title-toggle\"><a href=\"#\" class=\"ez-toc-pull-right ez-toc-btn ez-toc-btn-xs ez-toc-btn-default ez-toc-toggle\" aria-label=\"Toggle Table of Content\"><span class=\"ez-toc-js-icon-con\"><span class=\"\"><span class=\"eztoc-hide\" style=\"display:none;\">Toggle<\/span><span class=\"ez-toc-icon-toggle-span\"><svg style=\"fill: #999;color:#999\" xmlns=\"http:\/\/www.w3.org\/2000\/svg\" class=\"list-377408\" width=\"20px\" height=\"20px\" viewBox=\"0 0 24 24\" fill=\"none\"><path d=\"M6 6H4v2h2V6zm14 0H8v2h12V6zM4 11h2v2H4v-2zm16 0H8v2h12v-2zM4 16h2v2H4v-2zm16 0H8v2h12v-2z\" fill=\"currentColor\"><\/path><\/svg><svg style=\"fill: #999;color:#999\" class=\"arrow-unsorted-368013\" xmlns=\"http:\/\/www.w3.org\/2000\/svg\" width=\"10px\" height=\"10px\" viewBox=\"0 0 24 24\" version=\"1.2\" baseProfile=\"tiny\"><path d=\"M18.2 9.3l-6.2-6.3-6.2 6.3c-.2.2-.3.4-.3.7s.1.5.3.7c.2.2.4.3.7.3h11c.3 0 .5-.1.7-.3.2-.2.3-.5.3-.7s-.1-.5-.3-.7zM5.8 14.7l6.2 6.3 6.2-6.3c.2-.2.3-.5.3-.7s-.1-.5-.3-.7c-.2-.2-.4-.3-.7-.3h-11c-.3 0-.5.1-.7.3-.2.2-.3.5-.3.7s.1.5.3.7z\"\/><\/svg><\/span><\/span><\/span><\/a><\/span><\/div>\n<nav><ul class='ez-toc-list ez-toc-list-level-1 ' ><li class='ez-toc-page-1'><a class=\"ez-toc-link ez-toc-heading-1\" href=\"https:\/\/verimin.com.tr\/blog\/sinirsiz-hosting\/#Sinirsiz_hosting_paketinde_hangi_kalemler_sinirsiz_sunulur\" title=\"S\u0131n\u0131rs\u0131z hosting paketinde hangi kalemler s\u0131n\u0131rs\u0131z sunulur?\">S\u0131n\u0131rs\u0131z hosting paketinde hangi kalemler s\u0131n\u0131rs\u0131z sunulur?<\/a><\/li><li class='ez-toc-page-1'><a class=\"ez-toc-link ez-toc-heading-2\" href=\"https:\/\/verimin.com.tr\/blog\/sinirsiz-hosting\/#Sinirsiz_paketlerde_gercekte_sinirlanan_5_kaynak_nedir\" title=\"S\u0131n\u0131rs\u0131z paketlerde ger\u00e7ekte s\u0131n\u0131rlanan 5 kaynak nedir?\">S\u0131n\u0131rs\u0131z paketlerde ger\u00e7ekte s\u0131n\u0131rlanan 5 kaynak nedir?<\/a><\/li><li class='ez-toc-page-1'><a class=\"ez-toc-link ez-toc-heading-3\" href=\"https:\/\/verimin.com.tr\/blog\/sinirsiz-hosting\/#Islemci_bellek_ve_giriscikis_limiti_siteyi_ne_zaman_yavaslatir\" title=\"\u0130\u015flemci, bellek ve giri\u015f\/\u00e7\u0131k\u0131\u015f limiti siteyi ne zaman yava\u015flat\u0131r?\">\u0130\u015flemci, bellek ve giri\u015f\/\u00e7\u0131k\u0131\u015f limiti siteyi ne zaman yava\u015flat\u0131r?<\/a><\/li><li class='ez-toc-page-1'><a class=\"ez-toc-link ez-toc-heading-4\" href=\"https:\/\/verimin.com.tr\/blog\/sinirsiz-hosting\/#Eszamanli_islem_siniri_asildiginda_sunucu_hangi_yaniti_doner\" title=\"E\u015fzamanl\u0131 i\u015flem s\u0131n\u0131r\u0131 a\u015f\u0131ld\u0131\u011f\u0131nda sunucu hangi yan\u0131t\u0131 d\u00f6ner?\">E\u015fzamanl\u0131 i\u015flem s\u0131n\u0131r\u0131 a\u015f\u0131ld\u0131\u011f\u0131nda sunucu hangi yan\u0131t\u0131 d\u00f6ner?<\/a><\/li><li class='ez-toc-page-1'><a class=\"ez-toc-link ez-toc-heading-5\" href=\"https:\/\/verimin.com.tr\/blog\/sinirsiz-hosting\/#Adil_kullanim_politikasi_sinirsizligi_nasil_tanimlar\" title=\"Adil kullan\u0131m politikas\u0131 s\u0131n\u0131rs\u0131zl\u0131\u011f\u0131 nas\u0131l tan\u0131mlar?\">Adil kullan\u0131m politikas\u0131 s\u0131n\u0131rs\u0131zl\u0131\u011f\u0131 nas\u0131l tan\u0131mlar?<\/a><\/li><li class='ez-toc-page-1'><a class=\"ez-toc-link ez-toc-heading-6\" href=\"https:\/\/verimin.com.tr\/blog\/sinirsiz-hosting\/#Sinirsiz_disk_alanina_hangi_dosyalar_dahil_edilmez\" title=\"S\u0131n\u0131rs\u0131z disk alan\u0131na hangi dosyalar dahil edilmez?\">S\u0131n\u0131rs\u0131z disk alan\u0131na hangi dosyalar dahil edilmez?<\/a><\/li><li class='ez-toc-page-1'><a class=\"ez-toc-link ez-toc-heading-7\" href=\"https:\/\/verimin.com.tr\/blog\/sinirsiz-hosting\/#Inode_sayisi_sinirsiz_ilan_edildiginde_ne_degisir\" title=\"Inode say\u0131s\u0131 s\u0131n\u0131rs\u0131z ilan edildi\u011finde ne de\u011fi\u015fir?\">Inode say\u0131s\u0131 s\u0131n\u0131rs\u0131z ilan edildi\u011finde ne de\u011fi\u015fir?<\/a><\/li><li class='ez-toc-page-1'><a class=\"ez-toc-link ez-toc-heading-8\" href=\"https:\/\/verimin.com.tr\/blog\/sinirsiz-hosting\/#Sinirsiz_trafik_vaadinde_asil_siniri_ne_belirler\" title=\"S\u0131n\u0131rs\u0131z trafik vaadinde as\u0131l s\u0131n\u0131r\u0131 ne belirler?\">S\u0131n\u0131rs\u0131z trafik vaadinde as\u0131l s\u0131n\u0131r\u0131 ne belirler?<\/a><\/li><li class='ez-toc-page-1'><a class=\"ez-toc-link ez-toc-heading-9\" href=\"https:\/\/verimin.com.tr\/blog\/sinirsiz-hosting\/#Sinirsiz_hosting_ile_ucretsiz_hosting_neden_karistirilir\" title=\"S\u0131n\u0131rs\u0131z hosting ile \u00fccretsiz hosting neden kar\u0131\u015ft\u0131r\u0131l\u0131r?\">S\u0131n\u0131rs\u0131z hosting ile \u00fccretsiz hosting neden kar\u0131\u015ft\u0131r\u0131l\u0131r?<\/a><\/li><li class='ez-toc-page-1'><a class=\"ez-toc-link ez-toc-heading-10\" href=\"https:\/\/verimin.com.tr\/blog\/sinirsiz-hosting\/#Ucuz_sinirsiz_paketlerde_maliyet_nereden_kisilir\" title=\"Ucuz s\u0131n\u0131rs\u0131z paketlerde maliyet nereden k\u0131s\u0131l\u0131r?\">Ucuz s\u0131n\u0131rs\u0131z paketlerde maliyet nereden k\u0131s\u0131l\u0131r?<\/a><\/li><li class='ez-toc-page-1'><a class=\"ez-toc-link ez-toc-heading-11\" href=\"https:\/\/verimin.com.tr\/blog\/sinirsiz-hosting\/#%E2%80%9CSinirsiz_hosting_aldatmacasi%E2%80%9D_iddiasi_nereden_dogar\" title=\"&#8220;S\u0131n\u0131rs\u0131z hosting aldatmacas\u0131&#8221; iddias\u0131 nereden do\u011far?\">&#8220;S\u0131n\u0131rs\u0131z hosting aldatmacas\u0131&#8221; iddias\u0131 nereden do\u011far?<\/a><\/li><li class='ez-toc-page-1'><a class=\"ez-toc-link ez-toc-heading-12\" href=\"https:\/\/verimin.com.tr\/blog\/sinirsiz-hosting\/#Bir_paketin_sinirsizlik_iddiasi_satin_almadan_once_nasil_dogrulanir\" title=\"Bir paketin s\u0131n\u0131rs\u0131zl\u0131k iddias\u0131 sat\u0131n almadan \u00f6nce nas\u0131l do\u011frulan\u0131r?\">Bir paketin s\u0131n\u0131rs\u0131zl\u0131k iddias\u0131 sat\u0131n almadan \u00f6nce nas\u0131l do\u011frulan\u0131r?<\/a><\/li><li class='ez-toc-page-1'><a class=\"ez-toc-link ez-toc-heading-13\" href=\"https:\/\/verimin.com.tr\/blog\/sinirsiz-hosting\/#Sinirsiz_vaadi_hangi_paket_kalemlerinde_ne_kadar_gecerlidir\" title=\"S\u0131n\u0131rs\u0131z vaadi hangi paket kalemlerinde ne kadar ge\u00e7erlidir?\">S\u0131n\u0131rs\u0131z vaadi hangi paket kalemlerinde ne kadar ge\u00e7erlidir?<\/a><\/li><li class='ez-toc-page-1'><a class=\"ez-toc-link ez-toc-heading-14\" href=\"https:\/\/verimin.com.tr\/blog\/sinirsiz-hosting\/#Sinirsiz_alan_adi_barindirma_ne_anlama_gelir\" title=\"S\u0131n\u0131rs\u0131z alan ad\u0131 bar\u0131nd\u0131rma ne anlama gelir?\">S\u0131n\u0131rs\u0131z alan ad\u0131 bar\u0131nd\u0131rma ne anlama gelir?<\/a><\/li><li class='ez-toc-page-1'><a class=\"ez-toc-link ez-toc-heading-15\" href=\"https:\/\/verimin.com.tr\/blog\/sinirsiz-hosting\/#Sinirsiz_e-posta_hesabi_sinirsiz_gonderim_anlamina_gelir_mi\" title=\"S\u0131n\u0131rs\u0131z e-posta hesab\u0131 s\u0131n\u0131rs\u0131z g\u00f6nderim anlam\u0131na gelir mi?\">S\u0131n\u0131rs\u0131z e-posta hesab\u0131 s\u0131n\u0131rs\u0131z g\u00f6nderim anlam\u0131na gelir mi?<\/a><\/li><li class='ez-toc-page-1'><a class=\"ez-toc-link ez-toc-heading-16\" href=\"https:\/\/verimin.com.tr\/blog\/sinirsiz-hosting\/#Bayi_reseller_paketlerinde_sinirsizlik_nasil_isler\" title=\"Bayi (reseller) paketlerinde s\u0131n\u0131rs\u0131zl\u0131k nas\u0131l i\u015fler?\">Bayi (reseller) paketlerinde s\u0131n\u0131rs\u0131zl\u0131k nas\u0131l i\u015fler?<\/a><\/li><li class='ez-toc-page-1'><a class=\"ez-toc-link ez-toc-heading-17\" href=\"https:\/\/verimin.com.tr\/blog\/sinirsiz-hosting\/#Sinirsiz_hosting_hakkinda_sik_sorulan_sorular\" title=\"S\u0131n\u0131rs\u0131z hosting hakk\u0131nda s\u0131k sorulan sorular\">S\u0131n\u0131rs\u0131z hosting hakk\u0131nda s\u0131k sorulan sorular<\/a><\/li><li class='ez-toc-page-1'><a class=\"ez-toc-link ez-toc-heading-18\" href=\"https:\/\/verimin.com.tr\/blog\/sinirsiz-hosting\/#Sinirsiz_hosting_gercekten_sinirsiz_midir\" title=\"S\u0131n\u0131rs\u0131z hosting ger\u00e7ekten s\u0131n\u0131rs\u0131z m\u0131d\u0131r?\">S\u0131n\u0131rs\u0131z hosting ger\u00e7ekten s\u0131n\u0131rs\u0131z m\u0131d\u0131r?<\/a><\/li><li class='ez-toc-page-1'><a class=\"ez-toc-link ez-toc-heading-19\" href=\"https:\/\/verimin.com.tr\/blog\/sinirsiz-hosting\/#Sinirsiz_hosting_yuksek_trafikli_e-ticaret_sitesi_icin_yeterli_midir\" title=\"S\u0131n\u0131rs\u0131z hosting y\u00fcksek trafikli e-ticaret sitesi i\u00e7in yeterli midir?\">S\u0131n\u0131rs\u0131z hosting y\u00fcksek trafikli e-ticaret sitesi i\u00e7in yeterli midir?<\/a><\/li><li class='ez-toc-page-1'><a class=\"ez-toc-link ez-toc-heading-20\" href=\"https:\/\/verimin.com.tr\/blog\/sinirsiz-hosting\/#Sinirsiz_hosting_sitenin_acilis_hizini_etkiler_mi\" title=\"S\u0131n\u0131rs\u0131z hosting sitenin a\u00e7\u0131l\u0131\u015f h\u0131z\u0131n\u0131 etkiler mi?\">S\u0131n\u0131rs\u0131z hosting sitenin a\u00e7\u0131l\u0131\u015f h\u0131z\u0131n\u0131 etkiler mi?<\/a><\/li><\/ul><\/nav><\/div>\n<h2 class=\"wp-block-heading\"><span class=\"ez-toc-section\" id=\"Sinirsiz_hosting_paketinde_hangi_kalemler_sinirsiz_sunulur\"><\/span>S\u0131n\u0131rs\u0131z hosting paketinde hangi kalemler s\u0131n\u0131rs\u0131z sunulur?<span class=\"ez-toc-section-end\"><\/span><\/h2>\n\n\n\n<p class=\"wp-block-paragraph\">S\u0131n\u0131rs\u0131z hosting paketlerinde \u00fcst s\u0131n\u0131r yaz\u0131lmadan sunulan kalemler \u015funlard\u0131r:<\/p>\n\n\n\n<ul class=\"wp-block-list\"><li><strong>Disk alan\u0131.<\/strong> Site dosyalar\u0131n\u0131n ve veritaban\u0131n\u0131n kaplad\u0131\u011f\u0131 depolama, GB tavan\u0131 yaz\u0131lmadan verilir.<\/li><li><strong>Ayl\u0131k trafik.<\/strong> Ziyaret\u00e7iye aktar\u0131lan veri i\u00e7in \u00fccretli kota tan\u0131mlanmaz.<\/li><li><strong>Inode say\u0131s\u0131.<\/strong> Hesaptaki dosya, klas\u00f6r ve e-posta adedi i\u00e7in \u00fcst limit uygulanmaz.<\/li><li><strong>E-posta hesab\u0131.<\/strong> Alan ad\u0131 alt\u0131nda a\u00e7\u0131labilecek posta kutusu say\u0131s\u0131 serbesttir.<\/li><li><strong>Veritaban\u0131.<\/strong> Kurulabilecek veritaban\u0131 adedi say\u0131yla s\u0131n\u0131rlanmaz.<\/li><li><strong>Alt alan ad\u0131 (subdomain).<\/strong> Ana alan ad\u0131n\u0131n alt\u0131nda istenen say\u0131da alt adres tan\u0131mlanabilir.<\/li><li><strong>FTP hesab\u0131.<\/strong> Dosya eri\u015fimi i\u00e7in a\u00e7\u0131labilecek kullan\u0131c\u0131 say\u0131s\u0131 serbesttir.<\/li><\/ul>\n\n\n\n<p class=\"wp-block-paragraph\">Bu yedi kalem s\u0131n\u0131rs\u0131z verilebilir, \u00e7\u00fcnk\u00fc hi\u00e7biri sunucunun i\u015flem g\u00fcc\u00fcn\u00fc tek ba\u015f\u0131na t\u00fcketmez; paket t\u00fcrlerinin nas\u0131l ayr\u0131ld\u0131\u011f\u0131n\u0131 <a href=\"https:\/\/verimin.com.tr\/blog\/hosting-nedir\/\">Hosting Nedir? 6 Hosting T\u00fcr\u00fc ve Do\u011fru Paketi Se\u00e7me Rehberi<\/a> yaz\u0131s\u0131nda anlatt\u0131k. \u0130\u015flem g\u00fcc\u00fcn\u00fc do\u011frudan t\u00fcketen kaynaklar ise ayn\u0131 pakette say\u0131yla yazar.<\/p>\n\n\n\n<h2 class=\"wp-block-heading\"><span class=\"ez-toc-section\" id=\"Sinirsiz_paketlerde_gercekte_sinirlanan_5_kaynak_nedir\"><\/span>S\u0131n\u0131rs\u0131z paketlerde ger\u00e7ekte s\u0131n\u0131rlanan 5 kaynak nedir?<span class=\"ez-toc-section-end\"><\/span><\/h2>\n\n\n\n<p class=\"wp-block-paragraph\">S\u0131n\u0131rs\u0131z paketlerde ger\u00e7ekte s\u0131n\u0131rlanan kaynaklar, sunucunun i\u015flem g\u00fcc\u00fcn\u00fc hesaplar aras\u0131nda b\u00f6l\u00fc\u015ft\u00fcren be\u015f de\u011ferdir. Be\u015fi de pakette say\u0131yla yazar, \u00e7\u00fcnk\u00fc \u00f6l\u00e7\u00fclmeden b\u00f6l\u00fc\u015ft\u00fcr\u00fclemezler.<\/p>\n\n\n\n<figure class=\"wp-block-table\"><table><thead><tr><th>Kaynak<\/th><th>Ne \u00f6l\u00e7er<\/th><th>Pakette nas\u0131l yazar<\/th><th>S\u0131n\u0131ra dayan\u0131nca ne olur<\/th><\/tr><\/thead><tbody><tr><td>\u0130\u015flemci (CPU) \u00e7ekirde\u011fi<\/td><td>Ayn\u0131 anda y\u00fcr\u00fct\u00fclebilen i\u015flem g\u00fcc\u00fc<\/td><td>1\u20134 \u00e7ekirdek<\/td><td>\u0130stekler s\u0131raya girer, sayfa \u00fcretimi gecikir<\/td><\/tr><tr><td>Bellek (RAM)<\/td><td>Ayn\u0131 anda tutulabilen veri miktar\u0131<\/td><td>1\u20134 GB<\/td><td>A\u011f\u0131r sorgular tamamlanmadan sonlan\u0131r<\/td><\/tr><tr><td>Giri\u015f\/\u00e7\u0131k\u0131\u015f (IO) h\u0131z\u0131<\/td><td>Diske okuma ve diske yazma h\u0131z\u0131<\/td><td>1\u20135 MB\/sn<\/td><td>Dosya ve veritaban\u0131 eri\u015fimi yava\u015flar<\/td><\/tr><tr><td>E\u015fzamanl\u0131 i\u015flem say\u0131s\u0131<\/td><td>Ayn\u0131 anda \u00e7al\u0131\u015fabilen s\u00fcre\u00e7 adedi<\/td><td>20\u201340 adet<\/td><td>Sunucu 508 yan\u0131t\u0131 d\u00f6nd\u00fcr\u00fcr<\/td><\/tr><tr><td>Bar\u0131nd\u0131r\u0131labilir site say\u0131s\u0131<\/td><td>Pakete kurulabilen ana alan ad\u0131 adedi<\/td><td>1\u201310 adet<\/td><td>Yeni site eklenemez, paket y\u00fckseltilir<\/td><\/tr><\/tbody><\/table><\/figure>\n\n\n\n<p class=\"wp-block-paragraph\">Tablodaki be\u015f sat\u0131r kar\u015f\u0131la\u015ft\u0131r\u0131labilir, &#8220;s\u0131n\u0131rs\u0131z&#8221; yazan sat\u0131rlar kar\u015f\u0131la\u015ft\u0131r\u0131lamaz; iki paketi ay\u0131ran \u015fey bu rakamlard\u0131r. Dosya adedinin neden ayr\u0131 bir \u00f6l\u00e7\u00fc say\u0131ld\u0131\u011f\u0131n\u0131 <a href=\"https:\/\/verimin.com.tr\/blog\/inode-nedir\/\">Inode Nedir? Hosting Paketlerinde Neden \u00d6nemlidir?<\/a> yaz\u0131s\u0131nda anlatt\u0131k.<\/p>\n\n\n\n<h3 class=\"wp-block-heading\"><span class=\"ez-toc-section\" id=\"Islemci_bellek_ve_giriscikis_limiti_siteyi_ne_zaman_yavaslatir\"><\/span>\u0130\u015flemci, bellek ve giri\u015f\/\u00e7\u0131k\u0131\u015f limiti siteyi ne zaman yava\u015flat\u0131r?<span class=\"ez-toc-section-end\"><\/span><\/h3>\n\n\n\n<p class=\"wp-block-paragraph\">\u0130\u015flemci, bellek ve giri\u015f\/\u00e7\u0131k\u0131\u015f limiti, siteye ayn\u0131 anda gelen istek pakete tahsis edilen kayna\u011f\u0131 a\u015ft\u0131\u011f\u0131nda siteyi yava\u015flat\u0131r. En \u00e7ok hissedileni giri\u015f\/\u00e7\u0131k\u0131\u015f limitidir; bu de\u011fer diske okuma-yazma h\u0131z\u0131n\u0131n tavan\u0131n\u0131 belirler, a\u015f\u0131ld\u0131\u011f\u0131nda sunucu istekleri kuyru\u011fa al\u0131r.<\/p>\n\n\n\n<p class=\"wp-block-paragraph\">Aradaki fark k\u00fc\u00e7\u00fck de\u011fildir: giri\u015f seviyesi bir pakette 1 MB\/sn olan giri\u015f\/\u00e7\u0131k\u0131\u015f limiti \u00fcst kademede 5 MB\/sn&#8217;ye, yani be\u015f kat\u0131na \u00e7\u0131kar; 1 \u00e7ekirdek ve 1 GB bellek de 4 \u00e7ekirdek ve 4 GB belle\u011fe g\u00f6re \u00e7ok daha erken doyar. Bu limitler payla\u015f\u0131ml\u0131 sunucuda hesap ba\u015f\u0131na bir izolasyon katman\u0131yla uygulan\u0131r; katman\u0131 <a href=\"https:\/\/verimin.com.tr\/blog\/cloudlinux-nedir-hosting-sunucularinda-ne-ise-yarar\/\">CloudLinux Nedir? Hosting Sunucular\u0131nda Ne \u0130\u015fe Yarar?<\/a>, \u00e7ekirdek say\u0131s\u0131n\u0131 <a href=\"https:\/\/verimin.com.tr\/blog\/cpu-cekirdegi-secimi\/\">CPU \u00c7ekirde\u011fi Nedir?<\/a> yaz\u0131s\u0131nda a\u00e7\u0131klad\u0131k. Limit tamamen doldu\u011funda sunucunun yan\u0131t\u0131 ise standartt\u0131r.<\/p>\n\n\n\n<h3 class=\"wp-block-heading\"><span class=\"ez-toc-section\" id=\"Eszamanli_islem_siniri_asildiginda_sunucu_hangi_yaniti_doner\"><\/span>E\u015fzamanl\u0131 i\u015flem s\u0131n\u0131r\u0131 a\u015f\u0131ld\u0131\u011f\u0131nda sunucu hangi yan\u0131t\u0131 d\u00f6ner?<span class=\"ez-toc-section-end\"><\/span><\/h3>\n\n\n\n<p class=\"wp-block-paragraph\">E\u015fzamanl\u0131 i\u015flem s\u0131n\u0131r\u0131 a\u015f\u0131ld\u0131\u011f\u0131nda sunucu <strong>508 Resource Limit Is Reached<\/strong> yan\u0131t\u0131n\u0131, birim zamandaki istek say\u0131s\u0131 s\u0131n\u0131r\u0131na tak\u0131ld\u0131\u011f\u0131nda <strong>429 Too Many Requests<\/strong> yan\u0131t\u0131n\u0131 d\u00f6nd\u00fcr\u00fcr. \u0130kisi farkl\u0131 s\u0131n\u0131r\u0131 i\u015faret eder: 508 kayna\u011f\u0131n, 429 istek h\u0131z\u0131n\u0131n doldu\u011funu s\u00f6yler.<\/p>\n\n\n\n<p class=\"wp-block-paragraph\">Ziyaret\u00e7i ikisinde de sayfa yerine hata ekran\u0131 g\u00f6r\u00fcr; bu iki yan\u0131t &#8220;s\u0131n\u0131rs\u0131z&#8221; yazan bir pakette s\u0131n\u0131r\u0131n nerede durdu\u011funu g\u00f6steren en somut kan\u0131tt\u0131r. \u0130kincisinin nedenlerini ve \u00e7\u00f6z\u00fcm\u00fcn\u00fc <a href=\"https:\/\/verimin.com.tr\/blog\/429-too-many-requests\/\">429 Too Many Requests Hatas\u0131 Nedir?<\/a> yaz\u0131s\u0131nda ele ald\u0131k.<\/p>\n\n\n\n<figure class=\"wp-block-image size-large\"><img loading=\"lazy\" decoding=\"async\" width=\"1672\" height=\"941\" src=\"https:\/\/verimin.com.tr\/blog\/wp-content\/uploads\/2026\/08\/adil-kullanim-politikasi.avif\" alt=\"Adil kullan\u0131m politikas\u0131nda normal kullan\u0131m ile a\u015f\u0131m aras\u0131ndaki s\u0131n\u0131r\" class=\"wp-image-2226\" srcset=\"https:\/\/verimin.com.tr\/blog\/wp-content\/uploads\/2026\/08\/adil-kullanim-politikasi.avif 1672w, https:\/\/verimin.com.tr\/blog\/wp-content\/uploads\/2026\/08\/adil-kullanim-politikasi-300x169.avif 300w, https:\/\/verimin.com.tr\/blog\/wp-content\/uploads\/2026\/08\/adil-kullanim-politikasi-1024x576.avif 1024w, https:\/\/verimin.com.tr\/blog\/wp-content\/uploads\/2026\/08\/adil-kullanim-politikasi-768x432.avif 768w, https:\/\/verimin.com.tr\/blog\/wp-content\/uploads\/2026\/08\/adil-kullanim-politikasi-1536x864.avif 1536w, https:\/\/verimin.com.tr\/blog\/wp-content\/uploads\/2026\/08\/adil-kullanim-politikasi-195x110.avif 195w, https:\/\/verimin.com.tr\/blog\/wp-content\/uploads\/2026\/08\/adil-kullanim-politikasi-390x220.avif 390w, https:\/\/verimin.com.tr\/blog\/wp-content\/uploads\/2026\/08\/adil-kullanim-politikasi-1170x658.avif 1170w\" sizes=\"auto, (max-width: 1672px) 100vw, 1672px\" \/><\/figure>\n\n\n\n<h2 class=\"wp-block-heading\"><span class=\"ez-toc-section\" id=\"Adil_kullanim_politikasi_sinirsizligi_nasil_tanimlar\"><\/span>Adil kullan\u0131m politikas\u0131 s\u0131n\u0131rs\u0131zl\u0131\u011f\u0131 nas\u0131l tan\u0131mlar?<span class=\"ez-toc-section-end\"><\/span><\/h2>\n\n\n\n<p class=\"wp-block-paragraph\">Adil kullan\u0131m politikas\u0131, s\u0131n\u0131rs\u0131z ilan edilen kalemlerin hangi kullan\u0131m bi\u00e7imi i\u00e7in s\u0131n\u0131rs\u0131z say\u0131ld\u0131\u011f\u0131n\u0131 tan\u0131mlar. \u00dc\u00e7 unsuru vard\u0131r, \u00fc\u00e7\u00fc de s\u00f6zle\u015fmede yaz\u0131l\u0131d\u0131r.<\/p>\n\n\n\n<p class=\"wp-block-paragraph\">Birincisi kapsamd\u0131r: s\u0131n\u0131rs\u0131zl\u0131k normal web bar\u0131nd\u0131rma kullan\u0131m\u0131 i\u00e7in, yani sitenin kendi dosyalar\u0131 ve trafi\u011fi i\u00e7in ge\u00e7erlidir. \u0130kincisi \u00f6l\u00e7\u00fcm penceresidir; kullan\u0131m anl\u0131k de\u011fil, ayl\u0131k d\u00f6nem boyunca de\u011ferlendirilir. \u00dc\u00e7\u00fcnc\u00fcs\u00fc yapt\u0131r\u0131m s\u0131ras\u0131d\u0131r: s\u0131n\u0131ra dayanan hesapta \u00f6nce uyar\u0131 ve kaynak y\u00f6netimi uygulan\u0131r, ard\u0131ndan paket y\u00fckseltmesi istenir.<\/p>\n\n\n\n<p class=\"wp-block-paragraph\">A\u015fa\u011f\u0131daki \u00fc\u00e7 b\u00f6l\u00fcm, adil kullan\u0131m\u0131n disk alan\u0131, dosya say\u0131s\u0131 ve trafikte ne anlama geldi\u011fini ayr\u0131 ayr\u0131 a\u00e7\u0131klar. Kayna\u011f\u0131n neden b\u00f6l\u00fc\u015f\u00fcld\u00fc\u011f\u00fcn\u00fc <a href=\"https:\/\/verimin.com.tr\/blog\/paylasimli-hosting\/\">Payla\u015f\u0131ml\u0131 Hosting Nedir? Kimler \u0130\u00e7in Uygundur?<\/a> yaz\u0131s\u0131nda anlatt\u0131k.<\/p>\n\n\n\n<h3 class=\"wp-block-heading\"><span class=\"ez-toc-section\" id=\"Sinirsiz_disk_alanina_hangi_dosyalar_dahil_edilmez\"><\/span>S\u0131n\u0131rs\u0131z disk alan\u0131na hangi dosyalar dahil edilmez?<span class=\"ez-toc-section-end\"><\/span><\/h3>\n\n\n\n<p class=\"wp-block-paragraph\">S\u0131n\u0131rs\u0131z disk alan\u0131na, siteyle do\u011frudan ili\u015fkisi olmayan dosyalar dahil edilmez. Kapsam d\u0131\u015f\u0131nda kalanlar \u015funlard\u0131r: yedek ar\u015fivleri, video ve y\u00fcksek \u00e7\u00f6z\u00fcn\u00fcrl\u00fckl\u00fc g\u00f6rsel k\u00fct\u00fcphaneleri, indirme deposu klas\u00f6rleri ve payla\u015f\u0131m i\u00e7erikleri.<\/p>\n\n\n\n<p class=\"wp-block-paragraph\">Form\u00fcl tek c\u00fcmledir: s\u0131n\u0131rs\u0131z disk yaln\u0131zca web dosyalar\u0131 i\u00e7in ge\u00e7erlidir. Medya ar\u015fivi i\u00e7in do\u011fru adres payla\u015f\u0131ml\u0131 paket de\u011fil, kayna\u011f\u0131 ayr\u0131lm\u0131\u015f bir sunucudur. Disk \u00f6l\u00e7\u00fcm\u00fcn\u00fc ve NVMe SSD fark\u0131n\u0131 <a href=\"https:\/\/verimin.com.tr\/blog\/disk-kapasitesi-secimi\/\">Disk Kapasitesi Nedir?<\/a> yaz\u0131s\u0131nda a\u00e7\u0131klad\u0131k.<\/p>\n\n\n\n<h3 class=\"wp-block-heading\"><span class=\"ez-toc-section\" id=\"Inode_sayisi_sinirsiz_ilan_edildiginde_ne_degisir\"><\/span>Inode say\u0131s\u0131 s\u0131n\u0131rs\u0131z ilan edildi\u011finde ne de\u011fi\u015fir?<span class=\"ez-toc-section-end\"><\/span><\/h3>\n\n\n\n<p class=\"wp-block-paragraph\">Inode say\u0131s\u0131 s\u0131n\u0131rs\u0131z ilan edildi\u011finde dosya adedi i\u00e7in \u00fcst limit uygulanmaz, ancak dosya say\u0131s\u0131 adil kullan\u0131m\u0131n \u00f6l\u00e7\u00fcld\u00fc\u011f\u00fc birim olmaya devam eder. Hesaptaki her dosya, klas\u00f6r ve e-posta bir inode kayd\u0131 tutar.<\/p>\n\n\n\n<p class=\"wp-block-paragraph\">De\u011fi\u015fen \u015fey \u015fudur: y\u00fcksek dosya say\u0131s\u0131 hesab\u0131 durdurmaz, ama yedekleme ve ta\u015f\u0131ma s\u00fcresini uzat\u0131r. Ayn\u0131 \u00f6l\u00e7me mant\u0131\u011f\u0131, s\u0131n\u0131rs\u0131z ilan edilen trafikte de ge\u00e7erlidir.<\/p>\n\n\n\n<h3 class=\"wp-block-heading\"><span class=\"ez-toc-section\" id=\"Sinirsiz_trafik_vaadinde_asil_siniri_ne_belirler\"><\/span>S\u0131n\u0131rs\u0131z trafik vaadinde as\u0131l s\u0131n\u0131r\u0131 ne belirler?<span class=\"ez-toc-section-end\"><\/span><\/h3>\n\n\n\n<p class=\"wp-block-paragraph\">S\u0131n\u0131rs\u0131z trafik vaadinde as\u0131l s\u0131n\u0131r\u0131 ayl\u0131k veri miktar\u0131 de\u011fil, sunucunun ayn\u0131 anda kar\u015f\u0131layabildi\u011fi istek say\u0131s\u0131 ve bant geni\u015fli\u011fi belirler. Kota ile bant geni\u015fli\u011fi farkl\u0131 \u015feylerdir: kota d\u00f6nem boyunca aktar\u0131lan toplam veridir, bant geni\u015fli\u011fi ise saniyedeki aktar\u0131m h\u0131z\u0131d\u0131r. S\u0131n\u0131rs\u0131z sunulan birincisidir.<\/p>\n\n\n\n<p class=\"wp-block-paragraph\">Bu y\u00fczden trafik hesab\u0131 ziyaret\u00e7i say\u0131s\u0131yla de\u011fil, sayfa a\u011f\u0131rl\u0131\u011f\u0131 ile istek say\u0131s\u0131n\u0131n \u00e7arp\u0131m\u0131yla yap\u0131l\u0131r; kotan\u0131n nas\u0131l hesapland\u0131\u011f\u0131n\u0131 <a href=\"https:\/\/verimin.com.tr\/blog\/bandwidth-nedir\/\">Bandwidth Nedir? Hosting Trafik Kotas\u0131 Nas\u0131l Hesaplan\u0131r?<\/a> yaz\u0131s\u0131nda g\u00f6sterdik. Teknik tan\u0131m bu kadar nettir; arayanlar\u0131n kafas\u0131n\u0131 as\u0131l kar\u0131\u015ft\u0131ran kelime &#8220;\u00fccretsiz&#8221;dir.<\/p>\n\n\n\n<figure class=\"wp-block-image size-large\"><img loading=\"lazy\" decoding=\"async\" width=\"1672\" height=\"941\" src=\"https:\/\/verimin.com.tr\/blog\/wp-content\/uploads\/2026\/08\/sinirsiz-ucretsiz-hosting-farki.avif\" alt=\"S\u0131n\u0131rs\u0131z hosting ile \u00fccretsiz hostingin bedel, reklam ve yedekleme fark\u0131\" class=\"wp-image-2239\" srcset=\"https:\/\/verimin.com.tr\/blog\/wp-content\/uploads\/2026\/08\/sinirsiz-ucretsiz-hosting-farki.avif 1672w, https:\/\/verimin.com.tr\/blog\/wp-content\/uploads\/2026\/08\/sinirsiz-ucretsiz-hosting-farki-300x169.avif 300w, https:\/\/verimin.com.tr\/blog\/wp-content\/uploads\/2026\/08\/sinirsiz-ucretsiz-hosting-farki-1024x576.avif 1024w, https:\/\/verimin.com.tr\/blog\/wp-content\/uploads\/2026\/08\/sinirsiz-ucretsiz-hosting-farki-768x432.avif 768w, https:\/\/verimin.com.tr\/blog\/wp-content\/uploads\/2026\/08\/sinirsiz-ucretsiz-hosting-farki-1536x864.avif 1536w, https:\/\/verimin.com.tr\/blog\/wp-content\/uploads\/2026\/08\/sinirsiz-ucretsiz-hosting-farki-195x110.avif 195w, https:\/\/verimin.com.tr\/blog\/wp-content\/uploads\/2026\/08\/sinirsiz-ucretsiz-hosting-farki-390x220.avif 390w, https:\/\/verimin.com.tr\/blog\/wp-content\/uploads\/2026\/08\/sinirsiz-ucretsiz-hosting-farki-1170x658.avif 1170w\" sizes=\"auto, (max-width: 1672px) 100vw, 1672px\" \/><\/figure>\n\n\n\n<h2 class=\"wp-block-heading\"><span class=\"ez-toc-section\" id=\"Sinirsiz_hosting_ile_ucretsiz_hosting_neden_karistirilir\"><\/span>S\u0131n\u0131rs\u0131z hosting ile \u00fccretsiz hosting neden kar\u0131\u015ft\u0131r\u0131l\u0131r?<span class=\"ez-toc-section-end\"><\/span><\/h2>\n\n\n\n<p class=\"wp-block-paragraph\">S\u0131n\u0131rs\u0131z hosting ile \u00fccretsiz hosting, ikisi de &#8220;\u00f6l\u00e7meden kullanma&#8221; \u00e7a\u011fr\u0131\u015f\u0131m\u0131 ta\u015f\u0131d\u0131\u011f\u0131 i\u00e7in kar\u0131\u015ft\u0131r\u0131l\u0131r. Oysa iki kelime paketin farkl\u0131 yan\u0131n\u0131 tan\u0131mlar: &#8220;s\u0131n\u0131rs\u0131z&#8221; kapsam\u0131, &#8220;\u00fccretsiz&#8221; fiyat\u0131 anlat\u0131r. S\u0131n\u0131rs\u0131z hosting \u00fccretli bir hizmettir; \u00fccretsiz hosting ise neredeyse her zaman s\u0131n\u0131rl\u0131d\u0131r.<\/p>\n\n\n\n<p class=\"wp-block-paragraph\">\u00dccretsiz paketlerde eksilenler bellidir: sayfaya sa\u011flay\u0131c\u0131 reklam\u0131 yerle\u015ftirilir, kaynak tahsisi en alt seviyede tutulur, \u00e7o\u011fu zaman kendi alan ad\u0131n\u0131z\u0131 ba\u011flayamazs\u0131n\u0131z, yedek al\u0131nmaz, destek verilmez ve siteyi ta\u015f\u0131mak zorla\u015f\u0131r. Bu paketlerde ger\u00e7ekten bedelsiz olan kalem \u00e7o\u011fu zaman ilk d\u00f6nem alan ad\u0131d\u0131r; ko\u015fullar\u0131n\u0131 <a href=\"https:\/\/verimin.com.tr\/blog\/ucretsiz-domain-nasil-alinir\/\">\u00dccretsiz Domain Nas\u0131l Al\u0131n\u0131r?<\/a> yaz\u0131s\u0131nda a\u00e7\u0131klad\u0131k. S\u0131ra, ucuz paketlerde bu vaadin nas\u0131l kar\u015f\u0131land\u0131\u011f\u0131na gelir.<\/p>\n\n\n\n<h3 class=\"wp-block-heading\"><span class=\"ez-toc-section\" id=\"Ucuz_sinirsiz_paketlerde_maliyet_nereden_kisilir\"><\/span>Ucuz s\u0131n\u0131rs\u0131z paketlerde maliyet nereden k\u0131s\u0131l\u0131r?<span class=\"ez-toc-section-end\"><\/span><\/h3>\n\n\n\n<p class=\"wp-block-paragraph\">Ucuz s\u0131n\u0131rs\u0131z paketlerde maliyet, s\u0131n\u0131rs\u0131z yazan kalemlerden de\u011fil say\u0131sal yazan kaynaklardan k\u0131s\u0131l\u0131r. K\u0131s\u0131nt\u0131 \u015furada yap\u0131l\u0131r: sunucu ba\u015f\u0131na hesap art\u0131r\u0131l\u0131r, \u00e7ekirdek ve bellek tahsisi d\u00fc\u015f\u00fcr\u00fcl\u00fcr, giri\u015f\/\u00e7\u0131k\u0131\u015f limiti daralt\u0131l\u0131r, yedekleme seyreltilir, destek s\u00fcresi k\u0131s\u0131tlan\u0131r.<\/p>\n\n\n\n<p class=\"wp-block-paragraph\">Bu, ucuz paketin yanl\u0131\u015f karar oldu\u011fu anlam\u0131na gelmez: g\u00fcnl\u00fck ziyaret\u00e7isi birka\u00e7 y\u00fcz\u00fc ge\u00e7meyen tan\u0131t\u0131m siteleri ve bloglar i\u00e7in giri\u015f kademesi yeterlidir. Kademelerin g\u00fcncel kaynak de\u011ferlerini <a href=\"https:\/\/verimin.com.tr\/ucuz-hosting\">Ucuz Hosting Paketleri<\/a> sayfas\u0131nda g\u00f6rebilirsiniz. K\u0131s\u0131nt\u0131 yaz\u0131l\u0131 de\u011filse ortaya aldatmaca iddias\u0131 \u00e7\u0131kar.<\/p>\n\n\n\n<h2 class=\"wp-block-heading\"><span class=\"ez-toc-section\" id=\"%E2%80%9CSinirsiz_hosting_aldatmacasi%E2%80%9D_iddiasi_nereden_dogar\"><\/span>&#8220;S\u0131n\u0131rs\u0131z hosting aldatmacas\u0131&#8221; iddias\u0131 nereden do\u011far?<span class=\"ez-toc-section-end\"><\/span><\/h2>\n\n\n\n<p class=\"wp-block-paragraph\">&#8220;S\u0131n\u0131rs\u0131z hosting aldatmacas\u0131&#8221; iddias\u0131, pakette s\u0131n\u0131rs\u0131z yazan kalem ile kullan\u0131c\u0131n\u0131n s\u0131n\u0131ra dayand\u0131\u011f\u0131 kayna\u011f\u0131n farkl\u0131 olmas\u0131ndan do\u011far. Kullan\u0131c\u0131 disk alan\u0131 i\u00e7in s\u0131n\u0131rs\u0131zl\u0131k sat\u0131n al\u0131r, sitesi ise giri\u015f\/\u00e7\u0131k\u0131\u015f limitinde yava\u015flar.<\/p>\n\n\n\n<p class=\"wp-block-paragraph\">\u00dc\u00e7 senaryo bu iddiay\u0131 besler: disk s\u0131n\u0131rs\u0131zken giri\u015f\/\u00e7\u0131k\u0131\u015f limitinden sayfan\u0131n gecikmesi, trafik s\u0131n\u0131rs\u0131zken e\u015fzamanl\u0131 i\u015flem s\u0131n\u0131r\u0131ndan 508 yan\u0131t\u0131 d\u00f6nmesi, inode s\u0131n\u0131rs\u0131zken dosya say\u0131s\u0131ndan yede\u011fin uzamas\u0131. \u00dc\u00e7\u00fcnde de vaat tutulmu\u015f, beklenti tutulmam\u0131\u015ft\u0131r.<\/p>\n\n\n\n<p class=\"wp-block-paragraph\">\u0130ddia, s\u0131n\u0131rs\u0131zl\u0131\u011f\u0131n kapsam\u0131 yaz\u0131l\u0131 tan\u0131mlanmayan paketlerde hakl\u0131d\u0131r; kapsam\u0131n\u0131 ve say\u0131sal kaynaklar\u0131n\u0131 paket kart\u0131nda yazan bir pakette dayana\u011f\u0131n\u0131 kaybeder. Geriye tek soru kal\u0131r: bu ayr\u0131m sat\u0131n almadan \u00f6nce nas\u0131l do\u011frulan\u0131r?<\/p>\n\n\n\n<h3 class=\"wp-block-heading\"><span class=\"ez-toc-section\" id=\"Bir_paketin_sinirsizlik_iddiasi_satin_almadan_once_nasil_dogrulanir\"><\/span>Bir paketin s\u0131n\u0131rs\u0131zl\u0131k iddias\u0131 sat\u0131n almadan \u00f6nce nas\u0131l do\u011frulan\u0131r?<span class=\"ez-toc-section-end\"><\/span><\/h3>\n\n\n\n<p class=\"wp-block-paragraph\">S\u0131n\u0131rs\u0131zl\u0131k iddias\u0131, sipari\u015f tamamlanmadan alt\u0131 ad\u0131mda do\u011frulan\u0131r:<\/p>\n\n\n\n<ol class=\"wp-block-list\"><li>Paket kart\u0131nda say\u0131sal de\u011fer ta\u015f\u0131yan sat\u0131rlar\u0131 ay\u0131r\u0131n: \u00e7ekirdek say\u0131s\u0131, bellek, giri\u015f\/\u00e7\u0131k\u0131\u015f limiti ve bar\u0131nd\u0131r\u0131labilir site adedi.<\/li><li>S\u00f6zle\u015fmede &#8220;adil kullan\u0131m&#8221; ba\u015fl\u0131\u011f\u0131n\u0131 okuyun ve kapsam c\u00fcmlesini bulun.<\/li><li>S\u0131n\u0131rs\u0131z yazan her kalem i\u00e7in &#8220;hangi kullan\u0131m i\u00e7in s\u0131n\u0131rs\u0131z&#8221; sorusunu destekten yaz\u0131l\u0131 isteyin.<\/li><li>Kontrol panelinde kaynak kullan\u0131m g\u00f6stergesi olup olmad\u0131\u011f\u0131na bak\u0131n.<\/li><li>Limit a\u015f\u0131m\u0131nda uygulanan yapt\u0131r\u0131m\u0131 \u00f6\u011frenin: uyar\u0131 m\u0131, kaynak y\u00f6netimi mi, ask\u0131ya alma m\u0131.<\/li><li>Uptime taahh\u00fcd\u00fcn\u00fc ve yedekleme s\u0131kl\u0131\u011f\u0131n\u0131 not edin; %99.9 uptime ile haftal\u0131k yedek sekt\u00f6rde alt e\u015fiktir.<\/li><\/ol>\n\n\n\n<p class=\"wp-block-paragraph\">Bu alt\u0131 ad\u0131m, iddiay\u0131 \u00f6l\u00e7\u00fclebilir bir listeye \u00e7evirir. Taahh\u00fcd\u00fcn nas\u0131l takip edilece\u011fini <a href=\"https:\/\/verimin.com.tr\/blog\/sla-uptime\/\">SLA Nedir? Hosting SLA ve Uptime Takibi Nas\u0131l Yap\u0131l\u0131r?<\/a> yaz\u0131s\u0131nda a\u00e7\u0131klad\u0131k.<\/p>\n\n\n\n<h2 class=\"wp-block-heading\"><span class=\"ez-toc-section\" id=\"Sinirsiz_vaadi_hangi_paket_kalemlerinde_ne_kadar_gecerlidir\"><\/span>S\u0131n\u0131rs\u0131z vaadi hangi paket kalemlerinde ne kadar ge\u00e7erlidir?<span class=\"ez-toc-section-end\"><\/span><\/h2>\n\n\n\n<p class=\"wp-block-paragraph\">S\u0131n\u0131rs\u0131z vaadi her kalemde ayn\u0131 a\u011f\u0131rl\u0131kta de\u011fildir: alan ad\u0131 bar\u0131nd\u0131rmada say\u0131 \u00e7o\u011fu zaman say\u0131sald\u0131r, e-postada hesap ile g\u00f6nderim ayr\u0131\u015f\u0131r, bayi paketlerinde s\u0131n\u0131rs\u0131zl\u0131k kaynak havuzu i\u00e7in tan\u0131mlan\u0131r. WordPress gibi uygulamaya \u00f6zel paketlerin fark\u0131n\u0131 <a href=\"https:\/\/verimin.com.tr\/blog\/wordpress-hosting-nedir\/\">WordPress Hosting Nedir? Web Hosting ile Fark\u0131 Nedir?<\/a> yaz\u0131s\u0131nda kar\u015f\u0131la\u015ft\u0131rd\u0131k.<\/p>\n\n\n\n<h3 class=\"wp-block-heading\"><span class=\"ez-toc-section\" id=\"Sinirsiz_alan_adi_barindirma_ne_anlama_gelir\"><\/span>S\u0131n\u0131rs\u0131z alan ad\u0131 bar\u0131nd\u0131rma ne anlama gelir?<span class=\"ez-toc-section-end\"><\/span><\/h3>\n\n\n\n<p class=\"wp-block-paragraph\">S\u0131n\u0131rs\u0131z alan ad\u0131 bar\u0131nd\u0131rma, pakete kurulabilecek ana alan ad\u0131 say\u0131s\u0131n\u0131n s\u0131n\u0131rlanmamas\u0131 anlam\u0131na gelir ve s\u0131n\u0131rs\u0131z alt alan ad\u0131 hakk\u0131yla ayn\u0131 \u015fey de\u011fildir. Payla\u015f\u0131ml\u0131 paketlerin \u00e7o\u011funda ana site say\u0131s\u0131 say\u0131sald\u0131r \u2014 tipik olarak 1, 5 veya 10 adet \u2014 s\u0131n\u0131rs\u0131z olan alt alan ad\u0131, veritaban\u0131 ve FTP hesab\u0131d\u0131r.<\/p>\n\n\n\n<p class=\"wp-block-paragraph\">Alan ad\u0131 da pakete dahil bir kaynak de\u011fil, ayr\u0131 sat\u0131n al\u0131nan bir hizmettir. Alan ad\u0131 yap\u0131s\u0131n\u0131 <a href=\"https:\/\/verimin.com.tr\/blog\/domain-nedir\/\">Domain Nedir? Alan Ad\u0131 Yap\u0131s\u0131, 5 Uzant\u0131 T\u00fcr\u00fc ve Alma S\u00fcreci<\/a>, alt adres mant\u0131\u011f\u0131n\u0131 <a href=\"https:\/\/verimin.com.tr\/blog\/subdomain-nedir\/\">Subdomain Nedir? Alt Alan Ad\u0131 Olu\u015fturma ve Kullan\u0131m Rehberi<\/a> yaz\u0131s\u0131nda anlatt\u0131k.<\/p>\n\n\n\n<h3 class=\"wp-block-heading\"><span class=\"ez-toc-section\" id=\"Sinirsiz_e-posta_hesabi_sinirsiz_gonderim_anlamina_gelir_mi\"><\/span>S\u0131n\u0131rs\u0131z e-posta hesab\u0131 s\u0131n\u0131rs\u0131z g\u00f6nderim anlam\u0131na gelir mi?<span class=\"ez-toc-section-end\"><\/span><\/h3>\n\n\n\n<p class=\"wp-block-paragraph\">S\u0131n\u0131rs\u0131z e-posta hesab\u0131, s\u0131n\u0131rs\u0131z e-posta g\u00f6nderimi anlam\u0131na gelmez. Posta kutusu say\u0131s\u0131 serbest olsa da g\u00f6nderimde saatlik ve g\u00fcnl\u00fck kota uygulan\u0131r.<\/p>\n\n\n\n<p class=\"wp-block-paragraph\">Bu kota sunucunun payla\u015f\u0131lan IP itibar\u0131n\u0131 korur: tek bir hesaptan yap\u0131lan toplu g\u00f6nderim, ayn\u0131 sunucudaki b\u00fct\u00fcn hesaplar\u0131n postalar\u0131n\u0131n engellenmesine yol a\u00e7abilir. B\u00fclten g\u00f6nderimi bu nedenle payla\u015f\u0131ml\u0131 paketin i\u015fi de\u011fildir; kurumsal posta ihtiyac\u0131n\u0131 <a href=\"https:\/\/verimin.com.tr\/blog\/mail-hosting\/\">Mail Hosting Nedir? Kurumsal E-posta \u0130\u00e7in Nas\u0131l Se\u00e7ilir?<\/a> yaz\u0131s\u0131nda a\u00e7\u0131klad\u0131k.<\/p>\n\n\n\n<h3 class=\"wp-block-heading\"><span class=\"ez-toc-section\" id=\"Bayi_reseller_paketlerinde_sinirsizlik_nasil_isler\"><\/span>Bayi (reseller) paketlerinde s\u0131n\u0131rs\u0131zl\u0131k nas\u0131l i\u015fler?<span class=\"ez-toc-section-end\"><\/span><\/h3>\n\n\n\n<p class=\"wp-block-paragraph\">Bayi paketlerinde s\u0131n\u0131rs\u0131zl\u0131k, tek site i\u00e7in de\u011fil da\u011f\u0131t\u0131labilir kaynak havuzu i\u00e7in tan\u0131mlan\u0131r. Bayi, havuzu alt hesaplara istedi\u011fi b\u00fcy\u00fckl\u00fckte b\u00f6l\u00fc\u015ft\u00fcr\u00fcr ve her alt hesap ayn\u0131 havuzdan beslenir.<\/p>\n\n\n\n<p class=\"wp-block-paragraph\">Bayi paketinde as\u0131l soru bu y\u00fczden &#8220;ka\u00e7 site&#8221; de\u011fil, &#8220;havuz ka\u00e7 m\u00fc\u015fteriyi ta\u015f\u0131r&#8221; sorusudur. Modeli <a href=\"https:\/\/verimin.com.tr\/blog\/reseller-hosting-nedir-ne-ise-yarar\/\">Reseller Hosting Nedir? Hangi Ama\u00e7la Kullan\u0131l\u0131r?<\/a> yaz\u0131s\u0131nda anlatt\u0131k, kademeleri <a href=\"https:\/\/verimin.com.tr\/bayi-reseller-hosting\">Reseller Hosting<\/a> sayfas\u0131nda listeledik. Geriye en s\u0131k sorulan \u00fc\u00e7 soru kal\u0131yor.<\/p>\n\n\n\n<h2 class=\"wp-block-heading\"><span class=\"ez-toc-section\" id=\"Sinirsiz_hosting_hakkinda_sik_sorulan_sorular\"><\/span>S\u0131n\u0131rs\u0131z hosting hakk\u0131nda s\u0131k sorulan sorular<span class=\"ez-toc-section-end\"><\/span><\/h2>\n\n\n\n<p class=\"wp-block-paragraph\">A\u015fa\u011f\u0131daki \u00fc\u00e7 soru iddian\u0131n en \u00e7ok tart\u0131\u015f\u0131lan u\u00e7lar\u0131n\u0131 kapat\u0131r: vaadin ger\u00e7ekli\u011fi, y\u00fcksek trafikte yeterlili\u011fi ve h\u0131za etkisi.<\/p>\n\n\n\n<h3 class=\"wp-block-heading\"><span class=\"ez-toc-section\" id=\"Sinirsiz_hosting_gercekten_sinirsiz_midir\"><\/span>S\u0131n\u0131rs\u0131z hosting ger\u00e7ekten s\u0131n\u0131rs\u0131z m\u0131d\u0131r?<span class=\"ez-toc-section-end\"><\/span><\/h3>\n\n\n\n<p class=\"wp-block-paragraph\">Hay\u0131r. S\u0131n\u0131rs\u0131z hosting paketlerinde disk alan\u0131, trafik, inode, e-posta, veritaban\u0131, alt alan ad\u0131 ve FTP hesab\u0131 \u00fcst s\u0131n\u0131r yaz\u0131lmadan verilir; buna kar\u015f\u0131l\u0131k i\u015flemci, bellek, giri\u015f\/\u00e7\u0131k\u0131\u015f h\u0131z\u0131, e\u015fzamanl\u0131 i\u015flem ve bar\u0131nd\u0131r\u0131labilir site adedi her pakette say\u0131sald\u0131r. S\u0131n\u0131rs\u0131zl\u0131k kalem d\u00fczeyinde ger\u00e7ek, kaynak d\u00fczeyinde tan\u0131ml\u0131d\u0131r.<\/p>\n\n\n\n<h3 class=\"wp-block-heading\"><span class=\"ez-toc-section\" id=\"Sinirsiz_hosting_yuksek_trafikli_e-ticaret_sitesi_icin_yeterli_midir\"><\/span>S\u0131n\u0131rs\u0131z hosting y\u00fcksek trafikli e-ticaret sitesi i\u00e7in yeterli midir?<span class=\"ez-toc-section-end\"><\/span><\/h3>\n\n\n\n<p class=\"wp-block-paragraph\">Hay\u0131r. Y\u00fcksek trafikli bir e-ticaret sitesinde e\u015fzamanl\u0131 ziyaret\u00e7i say\u0131s\u0131, \u00f6deme ad\u0131m\u0131ndaki veritaban\u0131 i\u015flemleri ve \u00fcr\u00fcn g\u00f6rsellerinin diskten okunmas\u0131, payla\u015f\u0131ml\u0131 pakete tahsis edilen \u00e7ekirdek ve giri\u015f\/\u00e7\u0131k\u0131\u015f limitini d\u00fczenli olarak a\u015far.<\/p>\n\n\n\n<p class=\"wp-block-paragraph\">E\u015fik nettir: kaynak limitine ayda bir-iki kez tak\u0131lmak optimizasyonla \u00e7\u00f6z\u00fcl\u00fcr, her g\u00fcn tak\u0131lmak paket sorunudur. Ma\u011fazaya \u00f6zel paketleri <a href=\"https:\/\/verimin.com.tr\/eticaret-hosting\">E-Ticaret Hosting Hizmeti<\/a> sayfas\u0131nda, ayr\u0131lm\u0131\u015f kaynak modelini <a href=\"https:\/\/verimin.com.tr\/blog\/sanal-sunucu-nedir\/\">Sanal Sunucu (VPS) Nedir? Yeni Ba\u015flayanlar \u0130\u00e7in Rehber<\/a> yaz\u0131s\u0131nda bulabilirsiniz.<\/p>\n\n\n\n<h3 class=\"wp-block-heading\"><span class=\"ez-toc-section\" id=\"Sinirsiz_hosting_sitenin_acilis_hizini_etkiler_mi\"><\/span>S\u0131n\u0131rs\u0131z hosting sitenin a\u00e7\u0131l\u0131\u015f h\u0131z\u0131n\u0131 etkiler mi?<span class=\"ez-toc-section-end\"><\/span><\/h3>\n\n\n\n<p class=\"wp-block-paragraph\">Evet, dolayl\u0131 olarak. &#8220;S\u0131n\u0131rs\u0131z&#8221; yazan kalem a\u00e7\u0131l\u0131\u015f h\u0131z\u0131n\u0131 belirlemez; h\u0131z\u0131 belirleyen, ayn\u0131 pakette say\u0131yla yazan giri\u015f\/\u00e7\u0131k\u0131\u015f limiti, \u00e7ekirdek say\u0131s\u0131, bellek ve web sunucusu yaz\u0131l\u0131m\u0131d\u0131r.<\/p>\n\n\n\n<p class=\"wp-block-paragraph\">Do\u011fru paket bu y\u00fczden &#8220;s\u0131n\u0131rs\u0131z&#8221; kelimesini en \u00e7ok kullanan de\u011fil, s\u0131n\u0131rs\u0131zl\u0131\u011f\u0131n kapsam\u0131n\u0131 ve say\u0131sal kaynaklar\u0131n\u0131 yaz\u0131l\u0131 veren pakettir. Kaynak de\u011ferleri ile adil kullan\u0131m kapsam\u0131 sat\u0131r sat\u0131r yaz\u0131l\u0131 olan <a href=\"https:\/\/verimin.com.tr\/web-hosting\">Limitsiz Web Hosting \u00c7\u00f6z\u00fcmleri<\/a> sayfas\u0131ndan trafi\u011finize uyan kademeyi se\u00e7ebilirsiniz.<\/p>\n\n\n\n<p class=\"wp-block-paragraph\">&#8212;<\/p>\n\n\n\n<p class=\"wp-block-paragraph\"><strong>Yay\u0131n notu (yay\u0131na al\u0131nmadan silinecek):<\/strong> \ud83d\udd34 <code>\/blog\/429-too-many-requests\/<\/code> ba\u011flant\u0131s\u0131 bu partide yaz\u0131lan, hen\u00fcz yay\u0131nda olmayan yaz\u0131ya gider. Yay\u0131n s\u0131ras\u0131nda anchor metni o yaz\u0131n\u0131n nihai H1&#8217;iyle e\u015fitlenmelidir. Di\u011fer 19 ba\u011flant\u0131 25 A\u011fustos 2026&#8217;da canl\u0131dan 200 d\u00f6nerek do\u011frulanm\u0131\u015ft\u0131r.<\/p>\n","protected":false},"excerpt":{"rendered":"<p>S\u0131n\u0131rs\u0131z hosting, disk alan\u0131 ve ayl\u0131k trafik gibi kalemlerin pakette say\u0131sal bir \u00fcst s\u0131n\u0131r yaz\u0131lmadan&#8230;<\/p>\n","protected":false},"author":1,"featured_media":2237,"comment_status":"open","ping_status":"open","sticky":false,"template":"","format":"standard","meta":{"footnotes":""},"categories":[1],"tags":[],"class_list":["post-2253","post","type-post","status-publish","format-standard","has-post-thumbnail","hentry","category-genel"],"_links":{"self":[{"href":"https:\/\/verimin.com.tr\/blog\/wp-json\/wp\/v2\/posts\/2253","targetHints":{"allow":["GET"]}}],"collection":[{"href":"https:\/\/verimin.com.tr\/blog\/wp-json\/wp\/v2\/posts"}],"about":[{"href":"https:\/\/verimin.com.tr\/blog\/wp-json\/wp\/v2\/types\/post"}],"author":[{"embeddable":true,"href":"https:\/\/verimin.com.tr\/blog\/wp-json\/wp\/v2\/users\/1"}],"replies":[{"embeddable":true,"href":"https:\/\/verimin.com.tr\/blog\/wp-json\/wp\/v2\/comments?post=2253"}],"version-history":[{"count":1,"href":"https:\/\/verimin.com.tr\/blog\/wp-json\/wp\/v2\/posts\/2253\/revisions"}],"predecessor-version":[{"id":2262,"href":"https:\/\/verimin.com.tr\/blog\/wp-json\/wp\/v2\/posts\/2253\/revisions\/2262"}],"wp:featuredmedia":[{"embeddable":true,"href":"https:\/\/verimin.com.tr\/blog\/wp-json\/wp\/v2\/media\/2237"}],"wp:attachment":[{"href":"https:\/\/verimin.com.tr\/blog\/wp-json\/wp\/v2\/media?parent=2253"}],"wp:term":[{"taxonomy":"category","embeddable":true,"href":"https:\/\/verimin.com.tr\/blog\/wp-json\/wp\/v2\/categories?post=2253"},{"taxonomy":"post_tag","embeddable":true,"href":"https:\/\/verimin.com.tr\/blog\/wp-json\/wp\/v2\/tags?post=2253"}],"curies":[{"name":"wp","href":"https:\/\/api.w.org\/{rel}","templated":true}]}}