{"id":2127,"date":"2026-08-20T11:35:57","date_gmt":"2026-08-20T08:35:57","guid":{"rendered":"https:\/\/verimin.com.tr\/blog\/?p=2127"},"modified":"2026-08-20T11:35:57","modified_gmt":"2026-08-20T08:35:57","slug":"bulut-sunucu-kiralama","status":"publish","type":"post","link":"https:\/\/verimin.com.tr\/blog\/bulut-sunucu-kiralama\/","title":{"rendered":"Bulut Sunucu Kiralama"},"content":{"rendered":"\r\n<p class=\"wp-block-paragraph\">Bulut sunucu kiralama, sanal sunucunun tek bir fiziksel makine yerine birden fazla makineden olu\u015fan kaynak havuzu \u00fczerinde \u00e7al\u0131\u015ft\u0131r\u0131lmas\u0131 ve t\u00fcketilen kayna\u011f\u0131n kulland\u0131\u011f\u0131n kadar \u00f6de modeliyle faturaland\u0131r\u0131lmas\u0131d\u0131r. T\u00fcrkiye lokasyonlu veri merkezlerimizde bulut sunucu kuruyoruz; vCPU, RAM ve disk de\u011ferleri panel \u00fczerinden dakikalar i\u00e7inde de\u011fi\u015ftirilir, anl\u0131k g\u00f6r\u00fcnt\u00fc tek ad\u0131mda al\u0131n\u0131r ve d\u00fc\u011f\u00fcm ar\u0131zas\u0131nda hizmet y\u00fcksek eri\u015filebilirlik katman\u0131yla ayakta tutulur. \u00d6l\u00e7ekleme, bulut sunucuyu klasik sanal sunucudan ay\u0131ran tek yap\u0131sal farkt\u0131r, \u00e7\u00fcnk\u00fc kaynak de\u011fi\u015fimi donan\u0131m de\u011fi\u015fimi gerektirmez.<\/p>\r\n\r\n\r\n\r\n<p class=\"wp-block-paragraph\">Yaz\u0131n\u0131n devam\u0131nda bulut sunucu kiralaman\u0131n tan\u0131m\u0131n\u0131, \u00f6l\u00e7eklemenin dikey ve yatay bi\u00e7imlerini kesinti s\u00fcreleriyle birlikte veriyoruz. Ard\u0131ndan bulut sunucu ile VDS aras\u0131ndaki fark\u0131, fiyatland\u0131rman\u0131n hangi kalemler \u00fczerinden i\u015fledi\u011fini, bulut sunucuya kurulan i\u015fletim sistemlerini ve bulut sunucunun uygun oldu\u011fu proje tiplerini s\u0131rayla a\u00e7\u0131kl\u0131yoruz.<\/p>\r\n\r\n\r\n\r\n<div id=\"ez-toc-container\" class=\"ez-toc-v2_0_73 ez-toc-wrap-left counter-flat ez-toc-counter ez-toc-white ez-toc-container-direction\">\n<div class=\"ez-toc-title-container\">\n<div class=\"ez-toc-title\" style=\"cursor:inherit\">\u0130\u00e7erik Ba\u015fl\u0131klar\u0131:<\/div>\n<span class=\"ez-toc-title-toggle\"><a href=\"#\" class=\"ez-toc-pull-right ez-toc-btn ez-toc-btn-xs ez-toc-btn-default ez-toc-toggle\" aria-label=\"Toggle Table of Content\"><span class=\"ez-toc-js-icon-con\"><span class=\"\"><span class=\"eztoc-hide\" style=\"display:none;\">Toggle<\/span><span class=\"ez-toc-icon-toggle-span\"><svg style=\"fill: #999;color:#999\" xmlns=\"http:\/\/www.w3.org\/2000\/svg\" class=\"list-377408\" width=\"20px\" height=\"20px\" viewBox=\"0 0 24 24\" fill=\"none\"><path d=\"M6 6H4v2h2V6zm14 0H8v2h12V6zM4 11h2v2H4v-2zm16 0H8v2h12v-2zM4 16h2v2H4v-2zm16 0H8v2h12v-2z\" fill=\"currentColor\"><\/path><\/svg><svg style=\"fill: #999;color:#999\" class=\"arrow-unsorted-368013\" xmlns=\"http:\/\/www.w3.org\/2000\/svg\" width=\"10px\" height=\"10px\" viewBox=\"0 0 24 24\" version=\"1.2\" baseProfile=\"tiny\"><path d=\"M18.2 9.3l-6.2-6.3-6.2 6.3c-.2.2-.3.4-.3.7s.1.5.3.7c.2.2.4.3.7.3h11c.3 0 .5-.1.7-.3.2-.2.3-.5.3-.7s-.1-.5-.3-.7zM5.8 14.7l6.2 6.3 6.2-6.3c.2-.2.3-.5.3-.7s-.1-.5-.3-.7c-.2-.2-.4-.3-.7-.3h-11c-.3 0-.5.1-.7.3-.2.2-.3.5-.3.7s.1.5.3.7z\"\/><\/svg><\/span><\/span><\/span><\/a><\/span><\/div>\n<nav><ul class='ez-toc-list ez-toc-list-level-1 ' ><li class='ez-toc-page-1'><a class=\"ez-toc-link ez-toc-heading-1\" href=\"https:\/\/verimin.com.tr\/blog\/bulut-sunucu-kiralama\/#Bulut_Sunucu_Kiralama_Nedir\" title=\"Bulut Sunucu Kiralama Nedir?\">Bulut Sunucu Kiralama Nedir?<\/a><\/li><li class='ez-toc-page-1'><a class=\"ez-toc-link ez-toc-heading-2\" href=\"https:\/\/verimin.com.tr\/blog\/bulut-sunucu-kiralama\/#Bulut_Sunucu_Nasil_Olceklenir\" title=\"Bulut Sunucu Nas\u0131l \u00d6l\u00e7eklenir?\">Bulut Sunucu Nas\u0131l \u00d6l\u00e7eklenir?<\/a><\/li><li class='ez-toc-page-1'><a class=\"ez-toc-link ez-toc-heading-3\" href=\"https:\/\/verimin.com.tr\/blog\/bulut-sunucu-kiralama\/#Kaynak_Artirimi_Ne_Kadar_Surede_Uygulanir\" title=\"Kaynak Art\u0131r\u0131m\u0131 Ne Kadar S\u00fcrede Uygulan\u0131r?\">Kaynak Art\u0131r\u0131m\u0131 Ne Kadar S\u00fcrede Uygulan\u0131r?<\/a><\/li><li class='ez-toc-page-1'><a class=\"ez-toc-link ez-toc-heading-4\" href=\"https:\/\/verimin.com.tr\/blog\/bulut-sunucu-kiralama\/#Kaynak_Azaltma_Yapilir_mi\" title=\"Kaynak Azaltma Yap\u0131l\u0131r m\u0131?\">Kaynak Azaltma Yap\u0131l\u0131r m\u0131?<\/a><\/li><li class='ez-toc-page-1'><a class=\"ez-toc-link ez-toc-heading-5\" href=\"https:\/\/verimin.com.tr\/blog\/bulut-sunucu-kiralama\/#Bulut_Sunucuda_Yedeklilik_Nasil_Saglanir\" title=\"Bulut Sunucuda Yedeklilik Nas\u0131l Sa\u011flan\u0131r?\">Bulut Sunucuda Yedeklilik Nas\u0131l Sa\u011flan\u0131r?<\/a><\/li><li class='ez-toc-page-1'><a class=\"ez-toc-link ez-toc-heading-6\" href=\"https:\/\/verimin.com.tr\/blog\/bulut-sunucu-kiralama\/#Anlik_Goruntu_ile_Yedek_Arasindaki_Fark_Nedir\" title=\"Anl\u0131k G\u00f6r\u00fcnt\u00fc ile Yedek Aras\u0131ndaki Fark Nedir?\">Anl\u0131k G\u00f6r\u00fcnt\u00fc ile Yedek Aras\u0131ndaki Fark Nedir?<\/a><\/li><li class='ez-toc-page-1'><a class=\"ez-toc-link ez-toc-heading-7\" href=\"https:\/\/verimin.com.tr\/blog\/bulut-sunucu-kiralama\/#Bulut_Sunucu_ile_VDS_Arasindaki_Fark_Nedir\" title=\"Bulut Sunucu ile VDS Aras\u0131ndaki Fark Nedir?\">Bulut Sunucu ile VDS Aras\u0131ndaki Fark Nedir?<\/a><\/li><li class='ez-toc-page-1'><a class=\"ez-toc-link ez-toc-heading-8\" href=\"https:\/\/verimin.com.tr\/blog\/bulut-sunucu-kiralama\/#Hangi_Durumda_Bulut_Hangi_Durumda_VDS_Secilmeli\" title=\"Hangi Durumda Bulut, Hangi Durumda VDS Se\u00e7ilmeli?\">Hangi Durumda Bulut, Hangi Durumda VDS Se\u00e7ilmeli?<\/a><\/li><li class='ez-toc-page-1'><a class=\"ez-toc-link ez-toc-heading-9\" href=\"https:\/\/verimin.com.tr\/blog\/bulut-sunucu-kiralama\/#Bulut_Sunucu_Fiyatlandirmasi_Nasil_Calisir\" title=\"Bulut Sunucu Fiyatland\u0131rmas\u0131 Nas\u0131l \u00c7al\u0131\u015f\u0131r?\">Bulut Sunucu Fiyatland\u0131rmas\u0131 Nas\u0131l \u00c7al\u0131\u015f\u0131r?<\/a><\/li><li class='ez-toc-page-1'><a class=\"ez-toc-link ez-toc-heading-10\" href=\"https:\/\/verimin.com.tr\/blog\/bulut-sunucu-kiralama\/#Ucuz_Bulut_Sunucu_Secerken_Nelere_Dikkat_Edilmeli\" title=\"Ucuz Bulut Sunucu Se\u00e7erken Nelere Dikkat Edilmeli?\">Ucuz Bulut Sunucu Se\u00e7erken Nelere Dikkat Edilmeli?<\/a><\/li><li class='ez-toc-page-1'><a class=\"ez-toc-link ez-toc-heading-11\" href=\"https:\/\/verimin.com.tr\/blog\/bulut-sunucu-kiralama\/#Bulut_Sunucuda_Hangi_Isletim_Sistemi_Kurulur\" title=\"Bulut Sunucuda Hangi \u0130\u015fletim Sistemi Kurulur?\">Bulut Sunucuda Hangi \u0130\u015fletim Sistemi Kurulur?<\/a><\/li><li class='ez-toc-page-1'><a class=\"ez-toc-link ez-toc-heading-12\" href=\"https:\/\/verimin.com.tr\/blog\/bulut-sunucu-kiralama\/#Kontrol_Paneli_Kurulabilir_mi\" title=\"Kontrol Paneli Kurulabilir mi?\">Kontrol Paneli Kurulabilir mi?<\/a><\/li><li class='ez-toc-page-1'><a class=\"ez-toc-link ez-toc-heading-13\" href=\"https:\/\/verimin.com.tr\/blog\/bulut-sunucu-kiralama\/#Bulut_Sunucu_Hangi_Projelerde_Kullanilir\" title=\"Bulut Sunucu Hangi Projelerde Kullan\u0131l\u0131r?\">Bulut Sunucu Hangi Projelerde Kullan\u0131l\u0131r?<\/a><\/li><li class='ez-toc-page-1'><a class=\"ez-toc-link ez-toc-heading-14\" href=\"https:\/\/verimin.com.tr\/blog\/bulut-sunucu-kiralama\/#Bulut_Sunucu_DDoS_Saldirisina_Karsi_Korunur_mu\" title=\"Bulut Sunucu DDoS Sald\u0131r\u0131s\u0131na Kar\u015f\u0131 Korunur mu?\">Bulut Sunucu DDoS Sald\u0131r\u0131s\u0131na Kar\u015f\u0131 Korunur mu?<\/a><\/li><li class='ez-toc-page-1'><a class=\"ez-toc-link ez-toc-heading-15\" href=\"https:\/\/verimin.com.tr\/blog\/bulut-sunucu-kiralama\/#Bulut_Sunucu_Kurulumu_Nasil_Yapilir\" title=\"Bulut Sunucu Kurulumu Nas\u0131l Yap\u0131l\u0131r?\">Bulut Sunucu Kurulumu Nas\u0131l Yap\u0131l\u0131r?<\/a><\/li><li class='ez-toc-page-1'><a class=\"ez-toc-link ez-toc-heading-16\" href=\"https:\/\/verimin.com.tr\/blog\/bulut-sunucu-kiralama\/#Ucretsiz_Bulut_Sunucu_Var_mi\" title=\"\u00dccretsiz Bulut Sunucu Var m\u0131?\">\u00dccretsiz Bulut Sunucu Var m\u0131?<\/a><\/li><li class='ez-toc-page-1'><a class=\"ez-toc-link ez-toc-heading-17\" href=\"https:\/\/verimin.com.tr\/blog\/bulut-sunucu-kiralama\/#Bulut_Sunucu_Lokasyonu_Sonradan_Degistirilir_mi\" title=\"Bulut Sunucu Lokasyonu Sonradan De\u011fi\u015ftirilir mi?\">Bulut Sunucu Lokasyonu Sonradan De\u011fi\u015ftirilir mi?<\/a><\/li><li class='ez-toc-page-1'><a class=\"ez-toc-link ez-toc-heading-18\" href=\"https:\/\/verimin.com.tr\/blog\/bulut-sunucu-kiralama\/#Bulut_Sunucu_Ne_Kadar_Surede_Teslim_Edilir\" title=\"Bulut Sunucu Ne Kadar S\u00fcrede Teslim Edilir?\">Bulut Sunucu Ne Kadar S\u00fcrede Teslim Edilir?<\/a><\/li><\/ul><\/nav><\/div>\n<h2 class=\"wp-block-heading\"><span class=\"ez-toc-section\" id=\"Bulut_Sunucu_Kiralama_Nedir\"><\/span>Bulut Sunucu Kiralama Nedir?<span class=\"ez-toc-section-end\"><\/span><\/h2>\r\n\r\n\r\n\r\n<p class=\"wp-block-paragraph\">Bulut sunucu kiralama, kaynaklar\u0131 anl\u0131k olarak art\u0131r\u0131l\u0131p azalt\u0131labilen sanal sunucunun kullan\u0131ld\u0131\u011f\u0131 kadar \u00fccretlendirilmesidir. Bulut sunucu tek bir fiziksel makineye de\u011fil, birbirine ba\u011fl\u0131 birden fazla makineden olu\u015fan kaynak havuzuna dayan\u0131r. Havuzdaki bir d\u00fc\u011f\u00fcm ar\u0131zaland\u0131\u011f\u0131nda sunucu \u00e7al\u0131\u015f\u0131r durumdaki ba\u015fka bir d\u00fc\u011f\u00fcme aktar\u0131l\u0131r, hizmet s\u00fcreklili\u011fi korunur ve kullan\u0131c\u0131 taraf\u0131nda yeniden kurulum gerekmez.<\/p>\r\n\r\n\r\n\r\n<h2 class=\"wp-block-heading\"><span class=\"ez-toc-section\" id=\"Bulut_Sunucu_Nasil_Olceklenir\"><\/span>Bulut Sunucu Nas\u0131l \u00d6l\u00e7eklenir?<span class=\"ez-toc-section-end\"><\/span><\/h2>\r\n\r\n\r\n\r\n<figure class=\"wp-block-image size-large\"><img loading=\"lazy\" decoding=\"async\" width=\"1672\" height=\"941\" src=\"https:\/\/verimin.com.tr\/blog\/wp-content\/uploads\/2026\/08\/bulut-sunucu-kiralama-2.avif\" alt=\"Bulut sunucu nas\u0131l \u00f6l\u00e7eklenir\" class=\"wp-image-2117\" srcset=\"https:\/\/verimin.com.tr\/blog\/wp-content\/uploads\/2026\/08\/bulut-sunucu-kiralama-2.avif 1672w, https:\/\/verimin.com.tr\/blog\/wp-content\/uploads\/2026\/08\/bulut-sunucu-kiralama-2-300x169.avif 300w, https:\/\/verimin.com.tr\/blog\/wp-content\/uploads\/2026\/08\/bulut-sunucu-kiralama-2-1024x576.avif 1024w, https:\/\/verimin.com.tr\/blog\/wp-content\/uploads\/2026\/08\/bulut-sunucu-kiralama-2-768x432.avif 768w, https:\/\/verimin.com.tr\/blog\/wp-content\/uploads\/2026\/08\/bulut-sunucu-kiralama-2-1536x864.avif 1536w, https:\/\/verimin.com.tr\/blog\/wp-content\/uploads\/2026\/08\/bulut-sunucu-kiralama-2-195x110.avif 195w, https:\/\/verimin.com.tr\/blog\/wp-content\/uploads\/2026\/08\/bulut-sunucu-kiralama-2-390x220.avif 390w, https:\/\/verimin.com.tr\/blog\/wp-content\/uploads\/2026\/08\/bulut-sunucu-kiralama-2-1170x658.avif 1170w\" sizes=\"auto, (max-width: 1672px) 100vw, 1672px\" \/><\/figure>\r\n\r\n\r\n\r\n<p class=\"wp-block-paragraph\">Bulut sunucu dikey ve yatay olmak \u00fczere iki bi\u00e7imde \u00f6l\u00e7eklenir; \u00f6l\u00e7ekleme t\u00fcrlerini de\u011fi\u015fen kaynak, olu\u015fan kesinti s\u00fcresi ve uygun kullan\u0131m durumu \u00fczerinden kar\u015f\u0131la\u015ft\u0131r\u0131yoruz.<\/p>\r\n\r\n\r\n\r\n<figure class=\"wp-block-table\"><table>\r\n<thead>\r\n<tr><th>\u00d6l\u00e7ekleme t\u00fcr\u00fc<\/th><th>Ne de\u011fi\u015fir<\/th><th>Kesinti<\/th><th>Uygun durum<\/th><\/tr>\r\n<\/thead>\r\n<tbody>\r\n<tr><td>Dikey \u00f6l\u00e7ekleme<\/td><td>Tek sunucunun vCPU, RAM ve disk de\u011feri artar<\/td><td>45-90 saniye yeniden ba\u015flatma<\/td><td>Tek uygulaman\u0131n i\u015flemci veya bellek s\u0131n\u0131r\u0131na dayanmas\u0131<\/td><\/tr>\r\n<tr><td>Yatay \u00f6l\u00e7ekleme<\/td><td>Ayn\u0131 yap\u0131land\u0131rmadaki sunucu say\u0131s\u0131 artar<\/td><td>0 saniye, hizmet kesintisiz s\u00fcrer<\/td><td>Y\u00fck dengeleyici arkas\u0131nda da\u011f\u0131t\u0131labilen web ve API katmanlar\u0131<\/td><\/tr>\r\n<\/tbody>\r\n<\/table><\/figure>\r\n\r\n\r\n\r\n<p class=\"wp-block-paragraph\">Dikey \u00f6l\u00e7ekleme tek makinenin s\u0131n\u0131r\u0131na kadar b\u00fcy\u00fcr, yatay \u00f6l\u00e7ekleme ise sunucu ekleyerek s\u0131n\u0131r\u0131 ortadan kald\u0131r\u0131r. Kesinti tolerans\u0131 saniyeler seviyesinde olan sistemlerde yatay \u00f6l\u00e7eklemeyi, tek par\u00e7a \u00e7al\u0131\u015fan veritaban\u0131 sunucular\u0131nda dikey \u00f6l\u00e7eklemeyi kuruyoruz. \u00d6l\u00e7ekleme karar\u0131n\u0131n ard\u0131ndan gelen ilk soru, kaynak art\u0131r\u0131m\u0131n\u0131n ne kadar s\u00fcrede devreye girdi\u011fidir.<\/p>\r\n\r\n\r\n\r\n<h3 class=\"wp-block-heading\"><span class=\"ez-toc-section\" id=\"Kaynak_Artirimi_Ne_Kadar_Surede_Uygulanir\"><\/span>Kaynak Art\u0131r\u0131m\u0131 Ne Kadar S\u00fcrede Uygulan\u0131r?<span class=\"ez-toc-section-end\"><\/span><\/h3>\r\n\r\n\r\n\r\n<p class=\"wp-block-paragraph\">Kaynak art\u0131r\u0131m\u0131 dikey \u00f6l\u00e7eklemede 1-2 dakika, yatay \u00f6l\u00e7eklemede 3-5 dakika i\u00e7inde uygulan\u0131r. Dikey \u00f6l\u00e7eklemede s\u00fcrenin tamam\u0131 sunucunun kapan\u0131p yeni vCPU ve RAM de\u011feriyle a\u00e7\u0131lmas\u0131na gider; i\u015fletim sistemi a\u00e7\u0131l\u0131\u015f\u0131 45-90 saniye, panel \u00fczerindeki kaynak tahsisi 15-30 saniye s\u00fcrer. Yatay \u00f6l\u00e7eklemede yeni sunucu diskten kopyalan\u0131r, a\u011f yap\u0131land\u0131rmas\u0131 tan\u0131mlan\u0131r ve y\u00fck dengeleyici havuzuna eklenir; toplam s\u00fcre 3-5 dakikad\u0131r ve mevcut sunucular s\u00fcre boyunca istek almaya devam eder.<\/p>\r\n\r\n\r\n\r\n<h3 class=\"wp-block-heading\"><span class=\"ez-toc-section\" id=\"Kaynak_Azaltma_Yapilir_mi\"><\/span>Kaynak Azaltma Yap\u0131l\u0131r m\u0131?<span class=\"ez-toc-section-end\"><\/span><\/h3>\r\n\r\n\r\n\r\n<p class=\"wp-block-paragraph\">Evet, bulut sunucuda kaynak azaltma yap\u0131l\u0131r. vCPU ve RAM de\u011ferleri panel \u00fczerinden d\u00fc\u015f\u00fcr\u00fcl\u00fcr, azaltma i\u015flemi de k\u0131sa bir yeniden ba\u015flatma gerektirir ve faturaland\u0131rma yeni de\u011fer \u00fczerinden devam eder. Disk k\u00fc\u00e7\u00fcltme \u00e7o\u011fu bulut altyap\u0131s\u0131nda desteklenmez; disk alan\u0131 yaln\u0131zca b\u00fcy\u00fct\u00fcl\u00fcr, k\u00fc\u00e7\u00fcltme i\u00e7in sunucunun daha k\u00fc\u00e7\u00fck diskli yeni bir \u00f6rne\u011fe ta\u015f\u0131nmas\u0131 gerekir.<\/p>\r\n\r\n\r\n\r\n<h3 class=\"wp-block-heading\"><span class=\"ez-toc-section\" id=\"Bulut_Sunucuda_Yedeklilik_Nasil_Saglanir\"><\/span>Bulut Sunucuda Yedeklilik Nas\u0131l Sa\u011flan\u0131r?<span class=\"ez-toc-section-end\"><\/span><\/h3>\r\n\r\n\r\n\r\n<p class=\"wp-block-paragraph\">Bulut sunucuda yedeklili\u011fi d\u00f6rt ayr\u0131 katmanda sa\u011fl\u0131yoruz ve katmanlar\u0131n her biri farkl\u0131 bir ar\u0131za tipini kar\u015f\u0131lar:<\/p>\r\n\r\n\r\n\r\n<ul class=\"wp-block-list\">\r\n\r\n<li><strong>Depolama \u00e7o\u011faltma.<\/strong> Her veri blo\u011fu en az 3 ayr\u0131 fiziksel diske e\u015fzamanl\u0131 yaz\u0131l\u0131r, tek diskin ar\u0131zas\u0131 veri kayb\u0131 \u00fcretmez.<\/li>\r\n\r\n\r\n<li><strong>D\u00fc\u011f\u00fcm ar\u0131zas\u0131 devri.<\/strong> Sunucunun \u00e7al\u0131\u015ft\u0131\u011f\u0131 fiziksel makine yan\u0131t vermedi\u011finde bulut sunucu havuzdaki sa\u011flam bir d\u00fc\u011f\u00fcmde 60-120 saniye i\u00e7inde yeniden aya\u011fa kald\u0131r\u0131l\u0131r.<\/li>\r\n\r\n\r\n<li><strong>Anl\u0131k g\u00f6r\u00fcnt\u00fc.<\/strong> Disk durumunun belirli bir andaki tam kopyas\u0131 saniyeler i\u00e7inde al\u0131n\u0131r ve hatal\u0131 g\u00fcncelleme sonras\u0131 geri d\u00f6n\u00fc\u015f noktas\u0131 olu\u015fturur.<\/li>\r\n\r\n\r\n<li><strong>Farkl\u0131 b\u00f6lgede kopya.<\/strong> Yedekler sunucunun bulundu\u011fu veri merkezinden ayr\u0131 bir lokasyona kopyalan\u0131r, tesis geneli kesintilerde veri eri\u015filebilir kal\u0131r.<\/li>\r\n\r\n<\/ul>\r\n\r\n\r\n\r\n<p class=\"wp-block-paragraph\">Yedeklilik katmanlar\u0131 aras\u0131nda en s\u0131k kar\u0131\u015ft\u0131r\u0131lan iki kalem anl\u0131k g\u00f6r\u00fcnt\u00fc ile yedektir.<\/p>\r\n\r\n\r\n\r\n<h3 class=\"wp-block-heading\"><span class=\"ez-toc-section\" id=\"Anlik_Goruntu_ile_Yedek_Arasindaki_Fark_Nedir\"><\/span>Anl\u0131k G\u00f6r\u00fcnt\u00fc ile Yedek Aras\u0131ndaki Fark Nedir?<span class=\"ez-toc-section-end\"><\/span><\/h3>\r\n\r\n\r\n\r\n<p class=\"wp-block-paragraph\">Anl\u0131k g\u00f6r\u00fcnt\u00fc ile yedek aras\u0131ndaki fark\u0131 al\u0131nma s\u00fcresi, kaplad\u0131\u011f\u0131 alan, geri d\u00f6n\u00fc\u015f h\u0131z\u0131 ve uzun s\u00fcreli saklama \u00f6l\u00e7\u00fctlerinde kar\u015f\u0131la\u015ft\u0131r\u0131yoruz.<\/p>\r\n\r\n\r\n\r\n<figure class=\"wp-block-table\"><table>\r\n<thead>\r\n<tr><th>\u00d6l\u00e7\u00fct<\/th><th>Anl\u0131k g\u00f6r\u00fcnt\u00fc<\/th><th>Yedek<\/th><\/tr>\r\n<\/thead>\r\n<tbody>\r\n<tr><td>Al\u0131nma s\u00fcresi<\/td><td>5-20 saniye, sunucu \u00e7al\u0131\u015fmaya devam eder<\/td><td>10-40 dakika, veri hacmine g\u00f6re uzar<\/td><\/tr>\r\n<tr><td>Kaplad\u0131\u011f\u0131 alan<\/td><td>Yaln\u0131zca de\u011fi\u015fen bloklar, ilk anl\u0131k g\u00f6r\u00fcnt\u00fcn\u00fcn %5-15&#8217;i<\/td><td>Verinin tam kopyas\u0131, s\u0131k\u0131\u015ft\u0131rma sonras\u0131 %60-80&#8217;i<\/td><\/tr>\r\n<tr><td>Geri d\u00f6n\u00fc\u015f h\u0131z\u0131<\/td><td>1-3 dakika, disk durumu do\u011frudan geri y\u00fcklenir<\/td><td>30-90 dakika, veri ar\u015fivden \u00e7\u00f6z\u00fclerek yaz\u0131l\u0131r<\/td><\/tr>\r\n<tr><td>Uzun s\u00fcreli saklama<\/td><td>Uygun de\u011fil, ayn\u0131 depolama katman\u0131nda tutulur<\/td><td>Uygun, ayr\u0131 lokasyonda ve s\u00fcr\u00fcml\u00fc tutulur<\/td><\/tr>\r\n<\/tbody>\r\n<\/table><\/figure>\r\n\r\n\r\n\r\n<p class=\"wp-block-paragraph\">Anl\u0131k g\u00f6r\u00fcnt\u00fc yedek yerine ge\u00e7mez. Anl\u0131k g\u00f6r\u00fcnt\u00fc sunucunun diskiyle ayn\u0131 depolama katman\u0131nda durur, dolay\u0131s\u0131yla depolama katman\u0131n\u0131n tamam\u0131n\u0131 etkileyen bir ar\u0131zada anl\u0131k g\u00f6r\u00fcnt\u00fc de kaybolur; yedek ise ayr\u0131 lokasyonda tutuldu\u011fu i\u00e7in ba\u011f\u0131ms\u0131z bir kopyad\u0131r. Yedekleme plan\u0131n\u0131n kurulmas\u0131n\u0131 ve d\u00fczenli do\u011frulanmas\u0131n\u0131 <a href=\"https:\/\/verimin.com.tr\/yonetilen-sunucu\">y\u00f6netilen sunucu<\/a> hizmetimiz kapsam\u0131nda \u00fcstleniyoruz.<\/p>\r\n\r\n\r\n\r\n<h2 class=\"wp-block-heading\"><span class=\"ez-toc-section\" id=\"Bulut_Sunucu_ile_VDS_Arasindaki_Fark_Nedir\"><\/span>Bulut Sunucu ile VDS Aras\u0131ndaki Fark Nedir?<span class=\"ez-toc-section-end\"><\/span><\/h2>\r\n\r\n\r\n\r\n<figure class=\"wp-block-image size-large\"><img loading=\"lazy\" decoding=\"async\" width=\"1672\" height=\"941\" src=\"https:\/\/verimin.com.tr\/blog\/wp-content\/uploads\/2026\/08\/bulut-sunucu-kiralama-3.avif\" alt=\"Bulut sunucu ile VDS aras\u0131ndaki fark\" class=\"wp-image-2118\" srcset=\"https:\/\/verimin.com.tr\/blog\/wp-content\/uploads\/2026\/08\/bulut-sunucu-kiralama-3.avif 1672w, https:\/\/verimin.com.tr\/blog\/wp-content\/uploads\/2026\/08\/bulut-sunucu-kiralama-3-300x169.avif 300w, https:\/\/verimin.com.tr\/blog\/wp-content\/uploads\/2026\/08\/bulut-sunucu-kiralama-3-1024x576.avif 1024w, https:\/\/verimin.com.tr\/blog\/wp-content\/uploads\/2026\/08\/bulut-sunucu-kiralama-3-768x432.avif 768w, https:\/\/verimin.com.tr\/blog\/wp-content\/uploads\/2026\/08\/bulut-sunucu-kiralama-3-1536x864.avif 1536w, https:\/\/verimin.com.tr\/blog\/wp-content\/uploads\/2026\/08\/bulut-sunucu-kiralama-3-195x110.avif 195w, https:\/\/verimin.com.tr\/blog\/wp-content\/uploads\/2026\/08\/bulut-sunucu-kiralama-3-390x220.avif 390w, https:\/\/verimin.com.tr\/blog\/wp-content\/uploads\/2026\/08\/bulut-sunucu-kiralama-3-1170x658.avif 1170w\" sizes=\"auto, (max-width: 1672px) 100vw, 1672px\" \/><\/figure>\r\n\r\n\r\n\r\n<p class=\"wp-block-paragraph\">Bulut sunucu ile VDS aras\u0131ndaki fark d\u00f6rt \u00f6l\u00e7\u00fctte toplan\u0131r: kaynak esnekli\u011fi, faturaland\u0131rma, donan\u0131m ar\u0131zas\u0131nda davran\u0131\u015f ve maliyet \u00f6ng\u00f6r\u00fclebilirli\u011fi.<\/p>\r\n\r\n\r\n\r\n<figure class=\"wp-block-table\"><table>\r\n<thead>\r\n<tr><th>\u00d6l\u00e7\u00fct<\/th><th>Bulut sunucu<\/th><th>VDS<\/th><\/tr>\r\n<\/thead>\r\n<tbody>\r\n<tr><td>Kaynak esnekli\u011fi<\/td><td>vCPU, RAM ve disk dakikalar i\u00e7inde art\u0131r\u0131l\u0131r<\/td><td>Kaynak paket s\u0131n\u0131r\u0131na sabitlenir, de\u011fi\u015fim paket y\u00fckseltmesi gerektirir<\/td><\/tr>\r\n<tr><td>Faturaland\u0131rma<\/td><td>Saatlik, t\u00fcketilen kaynak kadar<\/td><td>Ayl\u0131k sabit \u00fccret<\/td><\/tr>\r\n<tr><td>Donan\u0131m ar\u0131zas\u0131nda davran\u0131\u015f<\/td><td>Sunucu 60-120 saniye i\u00e7inde ba\u015fka bir d\u00fc\u011f\u00fcme aktar\u0131l\u0131r<\/td><td>Ar\u0131zal\u0131 donan\u0131m onar\u0131lana kadar hizmet durur<\/td><\/tr>\r\n<tr><td>Maliyet \u00f6ng\u00f6r\u00fclebilirli\u011fi<\/td><td>Kullan\u0131ma ba\u011fl\u0131, ayl\u0131k tutar de\u011fi\u015fir<\/td><td>Tam \u00f6ng\u00f6r\u00fclebilir, ayl\u0131k tutar sabittir<\/td><\/tr>\r\n<\/tbody>\r\n<\/table><\/figure>\r\n\r\n\r\n\r\n<p class=\"wp-block-paragraph\">Bulut sunucu ile VDS aras\u0131ndaki se\u00e7im performans de\u011fil \u00e7al\u0131\u015fma d\u00fczeni karar\u0131d\u0131r: kaynak ihtiyac\u0131 ay i\u00e7inde dalgalanan projelerde bulut sunucu, kaynak ihtiyac\u0131 sabit seyreden projelerde VDS daha d\u00fc\u015f\u00fck toplam maliyet \u00fcretir. \u0130ki modelin ayr\u0131nt\u0131l\u0131 kar\u015f\u0131la\u015ft\u0131rmas\u0131n\u0131 ve se\u00e7im kriterlerini <a href=\"https:\/\/verimin.com.tr\/blog\/vds-bulut-farki\">VDS mi bulut sunucu mu<\/a> yaz\u0131m\u0131zda ele ald\u0131k.<\/p>\r\n\r\n\r\n\r\n<h3 class=\"wp-block-heading\"><span class=\"ez-toc-section\" id=\"Hangi_Durumda_Bulut_Hangi_Durumda_VDS_Secilmeli\"><\/span>Hangi Durumda Bulut, Hangi Durumda VDS Se\u00e7ilmeli?<span class=\"ez-toc-section-end\"><\/span><\/h3>\r\n\r\n\r\n\r\n<p class=\"wp-block-paragraph\">Se\u00e7im kural\u0131 tek c\u00fcmleyle \u00f6zetlenir: y\u00fck de\u011fi\u015fkense bulut sunucu, y\u00fck sabitse VDS. Kural\u0131n kar\u015f\u0131l\u0131k geldi\u011fi d\u00f6rt senaryoyu gerek\u00e7eleriyle s\u0131ral\u0131yoruz:<\/p>\r\n\r\n\r\n\r\n<ul class=\"wp-block-list\">\r\n\r\n<li><strong>Kampanya d\u00f6nemlerinde trafi\u011fi katlanan e-ticaret sitesi.<\/strong> Bulut sunucu tercih edilir, \u00e7\u00fcnk\u00fc kampanya boyunca art\u0131r\u0131lan kaynak kampanya bitince geri indirilir.<\/li>\r\n\r\n\r\n<li><strong>Sabit ziyaret\u00e7i say\u0131s\u0131yla \u00e7al\u0131\u015fan kurumsal site.<\/strong> VDS tercih edilir, \u00e7\u00fcnk\u00fc kaynak ihtiyac\u0131 ay boyunca ayn\u0131 bantta kal\u0131r ve sabit \u00fccret daha d\u00fc\u015f\u00fck toplam maliyet verir.<\/li>\r\n\r\n\r\n<li><strong>K\u0131sa s\u00fcreli test ve geli\u015ftirme ortam\u0131.<\/strong> Bulut sunucu tercih edilir, \u00e7\u00fcnk\u00fc ortam yaln\u0131zca \u00e7al\u0131\u015ft\u0131\u011f\u0131 saatler kadar faturaland\u0131r\u0131l\u0131r.<\/li>\r\n\r\n\r\n<li><strong>Kesintisiz \u00e7al\u0131\u015fan veritaban\u0131 sunucusu.<\/strong> VDS tercih edilir, \u00e7\u00fcnk\u00fc ayr\u0131lm\u0131\u015f kaynak s\u00fcrekli me\u015fguld\u00fcr ve saatlik modelin esnekli\u011fi kar\u015f\u0131l\u0131k bulmaz.<\/li>\r\n\r\n<\/ul>\r\n\r\n\r\n\r\n<p class=\"wp-block-paragraph\">Her iki modelin alt\u0131nda ayn\u0131 sanalla\u015ft\u0131rma teknolojisi \u00e7al\u0131\u015f\u0131r; modellerin ortak temelini ve paket se\u00e7eneklerini <a href=\"https:\/\/verimin.com.tr\/sanal-sunucu\">sanal sunucu<\/a> sayfam\u0131zda listeliyoruz.<\/p>\r\n\r\n\r\n\r\n<h2 class=\"wp-block-heading\"><span class=\"ez-toc-section\" id=\"Bulut_Sunucu_Fiyatlandirmasi_Nasil_Calisir\"><\/span>Bulut Sunucu Fiyatland\u0131rmas\u0131 Nas\u0131l \u00c7al\u0131\u015f\u0131r?<span class=\"ez-toc-section-end\"><\/span><\/h2>\r\n\r\n\r\n\r\n<p class=\"wp-block-paragraph\">Bulut sunucu fiyatland\u0131rmas\u0131 tek bir paket \u00fccreti \u00fczerinden de\u011fil, ayr\u0131 ayr\u0131 \u00f6l\u00e7\u00fclen be\u015f kalem \u00fczerinden i\u015fler; faturalanan kalemleri \u00f6l\u00e7\u00fc birimleriyle birlikte veriyoruz.<\/p>\r\n\r\n\r\n\r\n<figure class=\"wp-block-table\"><table>\r\n<thead>\r\n<tr><th>Faturalanan kalem<\/th><th>\u00d6l\u00e7\u00fc birimi<\/th><th>Not<\/th><\/tr>\r\n<\/thead>\r\n<tbody>\r\n<tr><td>vCPU saati<\/td><td>\u00c7ekirdek ba\u015f\u0131na \u00e7al\u0131\u015f\u0131lan saat<\/td><td>Sunucu kapal\u0131yken tahakkuk etmez<\/td><\/tr>\r\n<tr><td>Ayr\u0131lm\u0131\u015f bellek<\/td><td>GB ba\u015f\u0131na saat<\/td><td>Sunucu kapal\u0131 olsa dahi bellek rezervasyonu s\u00fcrerse tahakkuk eder<\/td><\/tr>\r\n<tr><td>Disk alan\u0131<\/td><td>GB ba\u015f\u0131na ay<\/td><td>Tahsis edilen alan \u00fczerinden \u00f6l\u00e7\u00fcl\u00fcr, kullan\u0131lan alan \u00fczerinden de\u011fil<\/td><\/tr>\r\n<tr><td>Giden trafik<\/td><td>GB ba\u015f\u0131na<\/td><td>Gelen trafik \u00fccretlendirilmez, kota a\u015f\u0131m\u0131 ayr\u0131 hesaplan\u0131r<\/td><\/tr>\r\n<tr><td>Anl\u0131k g\u00f6r\u00fcnt\u00fc alan\u0131<\/td><td>GB ba\u015f\u0131na ay<\/td><td>Yaln\u0131zca de\u011fi\u015fen bloklar say\u0131l\u0131r<\/td><\/tr>\r\n<\/tbody>\r\n<\/table><\/figure>\r\n\r\n\r\n\r\n<p class=\"wp-block-paragraph\">Saatlik modelin ne zaman ucuz kald\u0131\u011f\u0131 basit bir e\u015fik hesab\u0131yla bulunur. Ayl\u0131k sabit \u00fccret 720 saatlik kesintisiz kullan\u0131ma kar\u015f\u0131l\u0131k gelir, saatlik birim \u00fccret ise ayl\u0131k \u00fccretin 720&#8217;de birinin yakla\u015f\u0131k 1,5 kat\u0131 olarak belirlenir. E\u015fik noktas\u0131 720 \/ 1,5 i\u015fleminden 480 saat \u00e7\u0131kar: sunucu ay i\u00e7inde 480 saatten az \u00e7al\u0131\u015f\u0131yorsa saatlik model, 480 saatten fazla \u00e7al\u0131\u015f\u0131yorsa ayl\u0131k sabit \u00fccret daha ucuzdur. 480 saat g\u00fcnde 16 saatlik \u00e7al\u0131\u015fmaya, ayl\u0131k toplam s\u00fcrenin %66,7&#8217;sine denk gelir; gece kapat\u0131lan test ortamlar\u0131 ve haftada 5 g\u00fcn a\u00e7\u0131k kalan i\u015f uygulamalar\u0131 e\u015fi\u011fin alt\u0131nda kal\u0131r, 7 g\u00fcn 24 saat a\u00e7\u0131k duran \u00fcretim sunucular\u0131 e\u015fi\u011fin \u00fczerine \u00e7\u0131kar. Kaynak yap\u0131land\u0131rmalar\u0131n\u0131 ve g\u00fcncel paket i\u00e7eriklerini <a href=\"https:\/\/verimin.com.tr\/bulut-sunucu\">bulut sunucu paketleri<\/a> sayfam\u0131zda kar\u015f\u0131la\u015ft\u0131rabilirsiniz.<\/p>\r\n\r\n\r\n\r\n<h3 class=\"wp-block-heading\"><span class=\"ez-toc-section\" id=\"Ucuz_Bulut_Sunucu_Secerken_Nelere_Dikkat_Edilmeli\"><\/span>Ucuz Bulut Sunucu Se\u00e7erken Nelere Dikkat Edilmeli?<span class=\"ez-toc-section-end\"><\/span><\/h3>\r\n\r\n\r\n\r\n<p class=\"wp-block-paragraph\">Ucuz bulut sunucu tekliflerinde ilan edilen saatlik \u00fccret toplam maliyetin yar\u0131s\u0131n\u0131 anlat\u0131r; s\u00f6zle\u015fme \u00f6ncesinde be\u015f kalemi do\u011frulay\u0131n:<\/p>\r\n\r\n\r\n\r\n<ul class=\"wp-block-list\">\r\n\r\n<li><strong>Trafik \u00fccretlendirmesini sorun.<\/strong> Giden trafi\u011fin kotas\u0131, kota a\u015f\u0131m\u0131 birim \u00fccreti ve gelen trafi\u011fin \u00fccretsiz olup olmad\u0131\u011f\u0131 yaz\u0131l\u0131 olarak al\u0131nmal\u0131d\u0131r.<\/li>\r\n\r\n\r\n<li><strong>Disk t\u00fcr\u00fcn\u00fc do\u011frulay\u0131n.<\/strong> NVMe, SATA SSD ve a\u011f \u00fczerinden ba\u011flanan disk aras\u0131ndaki okuma-yazma fark\u0131 5 kata kadar \u00e7\u0131kar.<\/li>\r\n\r\n\r\n<li><strong>Yedeklilik seviyesini \u00f6\u011frenin.<\/strong> Verinin ka\u00e7 kopya tutuldu\u011fu ve d\u00fc\u011f\u00fcm ar\u0131zas\u0131nda devrin otomatik olup olmad\u0131\u011f\u0131 netle\u015ftirilmelidir.<\/li>\r\n\r\n\r\n<li><strong>Anl\u0131k g\u00f6r\u00fcnt\u00fc \u00fccretini kontrol edin.<\/strong> Anl\u0131k g\u00f6r\u00fcnt\u00fc alan\u0131 \u00e7o\u011fu altyap\u0131da ayr\u0131 faturalan\u0131r ve ayl\u0131k toplam\u0131 sessizce b\u00fcy\u00fct\u00fcr.<\/li>\r\n\r\n\r\n<li><strong>\u00c7\u0131k\u0131\u015f maliyetini hesaplay\u0131n.<\/strong> Sunucudan ba\u015fka bir sa\u011flay\u0131c\u0131ya ta\u015f\u0131nacak verinin giden trafik olarak \u00fccretlendirilip \u00fccretlendirilmedi\u011fi ba\u015ftan sorulmal\u0131d\u0131r.<\/li>\r\n\r\n<\/ul>\r\n\r\n\r\n\r\n<p class=\"wp-block-paragraph\">Kaynak ihtiyac\u0131 d\u00fc\u015f\u00fck ve sabit olan projelerde maliyet kar\u015f\u0131la\u015ft\u0131rmas\u0131na <a href=\"https:\/\/verimin.com.tr\/kategori\/ssd-sanal-sunucular\/ekonomik-vds\">ekonomik VDS<\/a> paketlerini de eklemenizi \u00f6neriyoruz.<\/p>\r\n\r\n\r\n\r\n<h2 class=\"wp-block-heading\"><span class=\"ez-toc-section\" id=\"Bulut_Sunucuda_Hangi_Isletim_Sistemi_Kurulur\"><\/span>Bulut Sunucuda Hangi \u0130\u015fletim Sistemi Kurulur?<span class=\"ez-toc-section-end\"><\/span><\/h2>\r\n\r\n\r\n\r\n<p class=\"wp-block-paragraph\">Bulut sunucuda hem Linux da\u011f\u0131t\u0131mlar\u0131 hem Windows Server kurulur; kurulum panel \u00fczerindeki haz\u0131r imajlardan tek ad\u0131mda tamamlan\u0131r. Sundu\u011fumuz i\u015fletim sistemi se\u00e7eneklerini kullan\u0131m alanlar\u0131yla birlikte s\u0131ral\u0131yoruz:<\/p>\r\n\r\n\r\n\r\n<ul class=\"wp-block-list\">\r\n\r\n<li><strong>Ubuntu Server LTS.<\/strong> 5 y\u0131ll\u0131k uzun destek s\u00fcresiyle web uygulamalar\u0131 ve konteyner ortamlar\u0131nda kullan\u0131l\u0131r.<\/li>\r\n\r\n\r\n<li><strong>AlmaLinux ve Rocky Linux.<\/strong> Kurumsal Linux uyumlulu\u011fu gerektiren sistemlerde ve kontrol paneli kurulumlar\u0131nda tercih edilir.<\/li>\r\n\r\n\r\n<li><strong>Debian.<\/strong> Sade paket yap\u0131s\u0131 ve d\u00fc\u015f\u00fck kaynak t\u00fcketimiyle uzun \u00f6m\u00fcrl\u00fc sunucu g\u00f6revlerinde kullan\u0131l\u0131r.<\/li>\r\n\r\n\r\n<li><strong>Windows Server.<\/strong> .NET uygulamalar\u0131, MSSQL veritabanlar\u0131 ve uzak masa\u00fcst\u00fc gerektiren i\u015f yaz\u0131l\u0131mlar\u0131nda kurulur.<\/li>\r\n\r\n<\/ul>\r\n\r\n\r\n\r\n<p class=\"wp-block-paragraph\">Windows Server lisanslama ko\u015fullar\u0131n\u0131 ve s\u00fcr\u00fcm se\u00e7eneklerini <a href=\"https:\/\/verimin.com.tr\/blog\/windows-sunucu-kiralama\">Windows sunucu kiralama<\/a> yaz\u0131m\u0131zda ayr\u0131nt\u0131land\u0131rd\u0131k.<\/p>\r\n\r\n\r\n\r\n<h3 class=\"wp-block-heading\"><span class=\"ez-toc-section\" id=\"Kontrol_Paneli_Kurulabilir_mi\"><\/span>Kontrol Paneli Kurulabilir mi?<span class=\"ez-toc-section-end\"><\/span><\/h3>\r\n\r\n\r\n\r\n<p class=\"wp-block-paragraph\">Evet, bulut sunucuya kontrol paneli kurulur. cPanel ve Plesk panellerini i\u015fletim sistemi kurulumunun ard\u0131ndan tan\u0131ml\u0131yoruz; her iki panelin lisans\u0131 sunucu \u00fccretinden ayr\u0131 faturalan\u0131r ve lisans tipi paneldeki hesap say\u0131s\u0131na g\u00f6re belirlenir. Panel \u00f6zelliklerinin kar\u015f\u0131la\u015ft\u0131rmas\u0131n\u0131 <a href=\"https:\/\/verimin.com.tr\/blog\/cpanel-vds\">cPanel VDS<\/a> yaz\u0131m\u0131zda bulabilirsiniz.<\/p>\r\n\r\n\r\n\r\n<h2 class=\"wp-block-heading\"><span class=\"ez-toc-section\" id=\"Bulut_Sunucu_Hangi_Projelerde_Kullanilir\"><\/span>Bulut Sunucu Hangi Projelerde Kullan\u0131l\u0131r?<span class=\"ez-toc-section-end\"><\/span><\/h2>\r\n\r\n\r\n\r\n<p class=\"wp-block-paragraph\">Bulut sunucu, kaynak ihtiyac\u0131 zaman i\u00e7inde de\u011fi\u015fen projelerde kar\u015f\u0131l\u0131k bulur; alt\u0131 tipik kullan\u0131m alan\u0131n\u0131 s\u0131ral\u0131yoruz:<\/p>\r\n\r\n\r\n\r\n<ul class=\"wp-block-list\">\r\n\r\n<li><strong>Kampanya d\u00f6nemi trafi\u011fi de\u011fi\u015fen e-ticaret siteleri.<\/strong> Y\u0131l\u0131n 11 ay\u0131nda sabit seyreden trafik, kampanya g\u00fcnlerinde 5-10 kat artar ve kaynak yaln\u0131zca o g\u00fcnlerde y\u00fckseltilir.<\/li>\r\n\r\n\r\n<li><strong>Mevsimsel y\u00fck ta\u015f\u0131yan uygulamalar.<\/strong> Rezervasyon, s\u0131nav ve vergi d\u00f6nemi uygulamalar\u0131 y\u0131l\u0131n belirli haftalar\u0131nda yo\u011funla\u015f\u0131r.<\/li>\r\n\r\n\r\n<li><strong>Test ve geli\u015ftirme ortamlar\u0131.<\/strong> Mesai saatleri d\u0131\u015f\u0131nda kapat\u0131lan ortamlar ayl\u0131k \u00e7al\u0131\u015fma s\u00fcresini 480 saatin alt\u0131nda tutar.<\/li>\r\n\r\n\r\n<li><strong>Veri i\u015fleme g\u00f6revleri.<\/strong> Rapor \u00fcretimi ve toplu d\u00f6n\u00fc\u015ft\u00fcrme i\u015fleri y\u00fcksek vCPU de\u011feriyle k\u0131sa s\u00fcrede tamamlan\u0131r, i\u015f bitince kaynak geri indirilir.<\/li>\r\n\r\n\r\n<li><strong>Yedek lokasyon ihtiyac\u0131.<\/strong> Birincil sistem \u00e7al\u0131\u015f\u0131rken ikinci lokasyondaki bulut sunucu d\u00fc\u015f\u00fck kaynakla bekletilir, devreye al\u0131n\u0131rken \u00f6l\u00e7eklenir.<\/li>\r\n\r\n\r\n<li><strong>H\u0131zl\u0131 b\u00fcy\u00fcyen servisler.<\/strong> Kullan\u0131c\u0131 say\u0131s\u0131 \u00f6ng\u00f6r\u00fclemeyen yeni servislerde kaynak, b\u00fcy\u00fcme e\u011frisine g\u00f6re kademe kademe art\u0131r\u0131l\u0131r.<\/li>\r\n\r\n<\/ul>\r\n\r\n\r\n\r\n<p class=\"wp-block-paragraph\">OpenCart, WooCommerce ve benzeri e-ticaret altyap\u0131lar\u0131nda sunucu yap\u0131land\u0131rmas\u0131n\u0131 ma\u011faza y\u00fck\u00fcne g\u00f6re planl\u0131yoruz; haz\u0131r \u00e7\u00f6z\u00fcmleri <a href=\"https:\/\/verimin.com.tr\/eticaret-hosting\">e-ticaret hosting<\/a> sayfam\u0131zda sunuyoruz.<\/p>\r\n\r\n\r\n\r\n<h3 class=\"wp-block-heading\"><span class=\"ez-toc-section\" id=\"Bulut_Sunucu_DDoS_Saldirisina_Karsi_Korunur_mu\"><\/span>Bulut Sunucu DDoS Sald\u0131r\u0131s\u0131na Kar\u015f\u0131 Korunur mu?<span class=\"ez-toc-section-end\"><\/span><\/h3>\r\n\r\n\r\n\r\n<p class=\"wp-block-paragraph\">Evet, bulut sunucu DDoS sald\u0131r\u0131s\u0131na kar\u015f\u0131 korunur. Bulut mimarisi trafi\u011fi tek bir fiziksel makineye de\u011fil birden fazla d\u00fc\u011f\u00fcme ve y\u00fck dengeleyiciye da\u011f\u0131tt\u0131\u011f\u0131 i\u00e7in hacimsel sald\u0131r\u0131larda tek noktada olu\u015fan t\u0131kanma riski azal\u0131r; yatay \u00f6l\u00e7ekleme s\u0131ras\u0131nda eklenen sunucular sald\u0131r\u0131 trafi\u011fini de b\u00f6ler. Mimarinin da\u011f\u0131t\u0131k yap\u0131s\u0131 tek ba\u015f\u0131na koruma anlam\u0131na gelmez: 10 Gbps \u00fczerindeki hacimsel sald\u0131r\u0131lar ve uygulama katman\u0131na y\u00f6nelen istek seli, veri merkezi giri\u015finde \u00e7al\u0131\u015fan ayr\u0131 bir filtreleme katman\u0131 gerektirir. DDoS korumas\u0131n\u0131 bulut sunucudan ba\u011f\u0131ms\u0131z bir hizmet olarak sa\u011fl\u0131yoruz ve filtreleme kapsam\u0131n\u0131 <a href=\"https:\/\/verimin.com.tr\/blog\/ddos-korumali-vds\">DDoS korumal\u0131 VDS<\/a> yaz\u0131m\u0131zda a\u00e7\u0131klad\u0131k.<\/p>\r\n\r\n\r\n\r\n<h3 class=\"wp-block-heading\"><span class=\"ez-toc-section\" id=\"Bulut_Sunucu_Kurulumu_Nasil_Yapilir\"><\/span>Bulut Sunucu Kurulumu Nas\u0131l Yap\u0131l\u0131r?<span class=\"ez-toc-section-end\"><\/span><\/h3>\r\n\r\n\r\n\r\n<p class=\"wp-block-paragraph\">Bulut sunucu kurulumu panel \u00fczerinden be\u015f ad\u0131mda tamamlan\u0131r:<\/p>\r\n\r\n\r\n\r\n<ol class=\"wp-block-list\">\r\n\r\n<li>Paketi se\u00e7in ve ba\u015flang\u0131\u00e7 vCPU, RAM, disk de\u011ferlerini belirleyin.<\/li>\r\n\r\n\r\n<li>\u0130\u015fletim sistemini haz\u0131r imaj listesinden se\u00e7in.<\/li>\r\n\r\n\r\n<li>Lokasyonu se\u00e7in ve hedef kitlenizin bulundu\u011fu b\u00f6lgeyi esas al\u0131n.<\/li>\r\n\r\n\r\n<li>SSH anahtar\u0131n\u0131 tan\u0131mlay\u0131n, parola tabanl\u0131 giri\u015fi kapat\u0131n.<\/li>\r\n\r\n\r\n<li>Sunucuyu ba\u015flat\u0131n ve panelde g\u00f6r\u00fcnen IP adresi \u00fczerinden ba\u011flan\u0131n.<\/li>\r\n\r\n<\/ol>\r\n\r\n\r\n\r\n<p class=\"wp-block-paragraph\">Anahtar \u00fcretimi ve ilk ba\u011flant\u0131 ad\u0131mlar\u0131n\u0131 <a href=\"https:\/\/verimin.com.tr\/blog\/ssh-nedir\">SSH<\/a> yaz\u0131m\u0131zda ad\u0131m ad\u0131m anlatt\u0131k.<\/p>\r\n\r\n\r\n\r\n<h3 class=\"wp-block-heading\"><span class=\"ez-toc-section\" id=\"Ucretsiz_Bulut_Sunucu_Var_mi\"><\/span>\u00dccretsiz Bulut Sunucu Var m\u0131?<span class=\"ez-toc-section-end\"><\/span><\/h3>\r\n\r\n\r\n\r\n<p class=\"wp-block-paragraph\">Hay\u0131r, s\u00fcrekli \u00fccretsiz bulut sunucu yoktur. Piyasadaki \u00fccretsiz teklifler 7 ile 30 g\u00fcn aras\u0131nda de\u011fi\u015fen deneme s\u00fcreleridir, deneme s\u00fcresi boyunca vCPU, RAM ve trafik de\u011ferleri s\u0131n\u0131rl\u0131 tutulur ve s\u00fcre doldu\u011funda sunucu kapat\u0131l\u0131r. Bulut sunucu her saat ger\u00e7ek i\u015flemci, bellek, disk ve elektrik t\u00fcketir; s\u00fcrekli \u00fccretsiz bulut sunucu ticari olarak m\u00fcmk\u00fcn de\u011fildir.<\/p>\r\n\r\n\r\n\r\n<h3 class=\"wp-block-heading\"><span class=\"ez-toc-section\" id=\"Bulut_Sunucu_Lokasyonu_Sonradan_Degistirilir_mi\"><\/span>Bulut Sunucu Lokasyonu Sonradan De\u011fi\u015ftirilir mi?<span class=\"ez-toc-section-end\"><\/span><\/h3>\r\n\r\n\r\n\r\n<p class=\"wp-block-paragraph\">Evet, bulut sunucu lokasyonu sonradan de\u011fi\u015ftirilir. Lokasyon de\u011fi\u015fimi mevcut sunucunun anl\u0131k g\u00f6r\u00fcnt\u00fcs\u00fcn\u00fcn al\u0131nmas\u0131, anl\u0131k g\u00f6r\u00fcnt\u00fcn\u00fcn hedef lokasyona kopyalanmas\u0131 ve yeni sunucunun kopyadan ba\u015flat\u0131lmas\u0131yla yap\u0131l\u0131r; i\u015flem 30 GB&#8217;l\u0131k bir diskte 20-40 dakika s\u00fcrer. Lokasyon de\u011fi\u015fiminde IP adresi mutlaka de\u011fi\u015fir, dolay\u0131s\u0131yla DNS kay\u0131tlar\u0131n\u0131n g\u00fcncellenmesi zorunludur. Yurt i\u00e7i lokasyonun gecikme ve mevzuat taraf\u0131ndaki kar\u015f\u0131l\u0131\u011f\u0131n\u0131 <a href=\"https:\/\/verimin.com.tr\/blog\/turkiye-lokasyon-vds\">T\u00fcrkiye lokasyonlu VDS<\/a> yaz\u0131m\u0131zda ele ald\u0131k.<\/p>\r\n\r\n\r\n\r\n<h3 class=\"wp-block-heading\"><span class=\"ez-toc-section\" id=\"Bulut_Sunucu_Ne_Kadar_Surede_Teslim_Edilir\"><\/span>Bulut Sunucu Ne Kadar S\u00fcrede Teslim Edilir?<span class=\"ez-toc-section-end\"><\/span><\/h3>\r\n\r\n\r\n\r\n<p class=\"wp-block-paragraph\">Bulut sunucu, \u00f6deme onay\u0131ndan sonra otomatik kurulumla 3 ile 10 dakika i\u00e7inde teslim edilir. Kurulum tamamland\u0131\u011f\u0131nda sunucunun IP adresi, y\u00f6netim paneli bilgileri ve ilk ba\u011flant\u0131 ad\u0131mlar\u0131 kay\u0131tl\u0131 e-posta adresine iletilir. Kaynak yap\u0131land\u0131rmas\u0131, \u00f6l\u00e7ekleme plan\u0131 veya ta\u015f\u0131ma s\u00fcreci i\u00e7in <a href=\"https:\/\/verimin.com.tr\/iletisim\">teknik destek<\/a> ekibimize 7 g\u00fcn 24 saat ula\u015fabilirsiniz.<\/p>\r\n","protected":false},"excerpt":{"rendered":"<p>Bulut sunucu kiralama, kaynaklar\u0131 anl\u0131k olarak art\u0131r\u0131l\u0131p azalt\u0131labilen sanal sunucunun kullan\u0131ld\u0131\u011f\u0131 kadar \u00fccretlendirilmesidir. \u00d6l\u00e7ekleme mant\u0131\u011f\u0131n\u0131, VDS ile fark\u0131n\u0131, fiyatland\u0131rma modelini ve hangi projelerde tercih edilmesi gerekti\u011fini a\u00e7\u0131kl\u0131yoruz.<\/p>\n","protected":false},"author":1,"featured_media":2116,"comment_status":"open","ping_status":"open","sticky":false,"template":"","format":"standard","meta":{"footnotes":""},"categories":[1],"tags":[],"class_list":["post-2127","post","type-post","status-publish","format-standard","has-post-thumbnail","hentry","category-genel"],"_links":{"self":[{"href":"https:\/\/verimin.com.tr\/blog\/wp-json\/wp\/v2\/posts\/2127","targetHints":{"allow":["GET"]}}],"collection":[{"href":"https:\/\/verimin.com.tr\/blog\/wp-json\/wp\/v2\/posts"}],"about":[{"href":"https:\/\/verimin.com.tr\/blog\/wp-json\/wp\/v2\/types\/post"}],"author":[{"embeddable":true,"href":"https:\/\/verimin.com.tr\/blog\/wp-json\/wp\/v2\/users\/1"}],"replies":[{"embeddable":true,"href":"https:\/\/verimin.com.tr\/blog\/wp-json\/wp\/v2\/comments?post=2127"}],"version-history":[{"count":1,"href":"https:\/\/verimin.com.tr\/blog\/wp-json\/wp\/v2\/posts\/2127\/revisions"}],"predecessor-version":[{"id":2132,"href":"https:\/\/verimin.com.tr\/blog\/wp-json\/wp\/v2\/posts\/2127\/revisions\/2132"}],"wp:featuredmedia":[{"embeddable":true,"href":"https:\/\/verimin.com.tr\/blog\/wp-json\/wp\/v2\/media\/2116"}],"wp:attachment":[{"href":"https:\/\/verimin.com.tr\/blog\/wp-json\/wp\/v2\/media?parent=2127"}],"wp:term":[{"taxonomy":"category","embeddable":true,"href":"https:\/\/verimin.com.tr\/blog\/wp-json\/wp\/v2\/categories?post=2127"},{"taxonomy":"post_tag","embeddable":true,"href":"https:\/\/verimin.com.tr\/blog\/wp-json\/wp\/v2\/tags?post=2127"}],"curies":[{"name":"wp","href":"https:\/\/api.w.org\/{rel}","templated":true}]}}