{"id":2103,"date":"2026-08-19T16:32:49","date_gmt":"2026-08-19T13:32:49","guid":{"rendered":"https:\/\/verimin.com.tr\/blog\/?p=2103"},"modified":"2026-08-19T16:32:49","modified_gmt":"2026-08-19T13:32:49","slug":"sanal-makine-nedir","status":"publish","type":"post","link":"https:\/\/verimin.com.tr\/blog\/sanal-makine-nedir\/","title":{"rendered":"Sanal Makine Nedir?"},"content":{"rendered":"\r\n<p class=\"wp-block-paragraph\">Sanal makine, bir fiziksel bilgisayar\u0131n i\u015flemci, bellek ve disk kaynaklar\u0131 \u00fczerinde \u00e7al\u0131\u015fan ba\u011f\u0131ms\u0131z bir i\u015fletim sistemi kopyas\u0131d\u0131r. Sanal makineyi m\u00fcmk\u00fcn k\u0131lan teknolojinin ad\u0131 sanalla\u015ft\u0131rmad\u0131r; kaynak ay\u0131rma i\u015fini hiperviz\u00f6r ad\u0131 verilen yaz\u0131l\u0131m katman\u0131 y\u00fcr\u00fct\u00fcr. Hiperviz\u00f6r, donan\u0131m\u0131 bar\u0131nd\u0131ran ana makine ile donan\u0131m \u00fczerinde \u00e7al\u0131\u015fan konuk i\u015fletim sistemi aras\u0131nda durur ve her sanal makineye kendi i\u015flemci \u00e7ekirde\u011fini, belle\u011fini ve sanal diskini tahsis eder.<\/p>\r\n\r\n\r\n\r\n<p class=\"wp-block-paragraph\">Yaz\u0131n\u0131n devam\u0131nda sanal makinenin ne i\u015fe yarad\u0131\u011f\u0131n\u0131, nas\u0131l \u00e7al\u0131\u015ft\u0131\u011f\u0131n\u0131, hangi t\u00fcrlere ayr\u0131ld\u0131\u011f\u0131n\u0131, kurulumunda hangi programlar\u0131n kullan\u0131ld\u0131\u011f\u0131n\u0131 ve ad\u0131m ad\u0131m nas\u0131l kuruldu\u011funu a\u00e7\u0131kl\u0131yoruz. Sonras\u0131nda sanal makine ile sanal sunucu aras\u0131ndaki fark\u0131 tabloya d\u00f6k\u00fcyor, sanal makinenin hangi alanlarda kullan\u0131ld\u0131\u011f\u0131n\u0131 s\u0131ral\u0131yoruz.<\/p>\r\n\r\n\r\n\r\n<div id=\"ez-toc-container\" class=\"ez-toc-v2_0_73 ez-toc-wrap-left counter-flat ez-toc-counter ez-toc-white ez-toc-container-direction\">\n<div class=\"ez-toc-title-container\">\n<div class=\"ez-toc-title\" style=\"cursor:inherit\">\u0130\u00e7erik Ba\u015fl\u0131klar\u0131:<\/div>\n<span class=\"ez-toc-title-toggle\"><a href=\"#\" class=\"ez-toc-pull-right ez-toc-btn ez-toc-btn-xs ez-toc-btn-default ez-toc-toggle\" aria-label=\"Toggle Table of Content\"><span class=\"ez-toc-js-icon-con\"><span class=\"\"><span class=\"eztoc-hide\" style=\"display:none;\">Toggle<\/span><span class=\"ez-toc-icon-toggle-span\"><svg style=\"fill: #999;color:#999\" xmlns=\"http:\/\/www.w3.org\/2000\/svg\" class=\"list-377408\" width=\"20px\" height=\"20px\" viewBox=\"0 0 24 24\" fill=\"none\"><path d=\"M6 6H4v2h2V6zm14 0H8v2h12V6zM4 11h2v2H4v-2zm16 0H8v2h12v-2zM4 16h2v2H4v-2zm16 0H8v2h12v-2z\" fill=\"currentColor\"><\/path><\/svg><svg style=\"fill: #999;color:#999\" class=\"arrow-unsorted-368013\" xmlns=\"http:\/\/www.w3.org\/2000\/svg\" width=\"10px\" height=\"10px\" viewBox=\"0 0 24 24\" version=\"1.2\" baseProfile=\"tiny\"><path d=\"M18.2 9.3l-6.2-6.3-6.2 6.3c-.2.2-.3.4-.3.7s.1.5.3.7c.2.2.4.3.7.3h11c.3 0 .5-.1.7-.3.2-.2.3-.5.3-.7s-.1-.5-.3-.7zM5.8 14.7l6.2 6.3 6.2-6.3c.2-.2.3-.5.3-.7s-.1-.5-.3-.7c-.2-.2-.4-.3-.7-.3h-11c-.3 0-.5.1-.7.3-.2.2-.3.5-.3.7s.1.5.3.7z\"\/><\/svg><\/span><\/span><\/span><\/a><\/span><\/div>\n<nav><ul class='ez-toc-list ez-toc-list-level-1 ' ><li class='ez-toc-page-1'><a class=\"ez-toc-link ez-toc-heading-1\" href=\"https:\/\/verimin.com.tr\/blog\/sanal-makine-nedir\/#Sanal_Makine_Ne_Ise_Yarar\" title=\"Sanal Makine Ne \u0130\u015fe Yarar?\">Sanal Makine Ne \u0130\u015fe Yarar?<\/a><\/li><li class='ez-toc-page-1'><a class=\"ez-toc-link ez-toc-heading-2\" href=\"https:\/\/verimin.com.tr\/blog\/sanal-makine-nedir\/#Sanal_Makine_Nasil_Calisir\" title=\"Sanal Makine Nas\u0131l \u00c7al\u0131\u015f\u0131r?\">Sanal Makine Nas\u0131l \u00c7al\u0131\u015f\u0131r?<\/a><\/li><li class='ez-toc-page-1'><a class=\"ez-toc-link ez-toc-heading-3\" href=\"https:\/\/verimin.com.tr\/blog\/sanal-makine-nedir\/#Hipervizor_Nedir\" title=\"Hiperviz\u00f6r Nedir?\">Hiperviz\u00f6r Nedir?<\/a><\/li><li class='ez-toc-page-1'><a class=\"ez-toc-link ez-toc-heading-4\" href=\"https:\/\/verimin.com.tr\/blog\/sanal-makine-nedir\/#Sanal_Makineye_Hangi_Kaynaklar_Ayrilir\" title=\"Sanal Makineye Hangi Kaynaklar Ayr\u0131l\u0131r?\">Sanal Makineye Hangi Kaynaklar Ayr\u0131l\u0131r?<\/a><\/li><li class='ez-toc-page-1'><a class=\"ez-toc-link ez-toc-heading-5\" href=\"https:\/\/verimin.com.tr\/blog\/sanal-makine-nedir\/#Sanal_Makine_Turleri_Nelerdir\" title=\"Sanal Makine T\u00fcrleri Nelerdir?\">Sanal Makine T\u00fcrleri Nelerdir?<\/a><\/li><li class='ez-toc-page-1'><a class=\"ez-toc-link ez-toc-heading-6\" href=\"https:\/\/verimin.com.tr\/blog\/sanal-makine-nedir\/#Tip_1_ve_Tip_2_Hipervizor_Arasindaki_Fark_Nedir\" title=\"Tip 1 ve Tip 2 Hiperviz\u00f6r Aras\u0131ndaki Fark Nedir?\">Tip 1 ve Tip 2 Hiperviz\u00f6r Aras\u0131ndaki Fark Nedir?<\/a><\/li><li class='ez-toc-page-1'><a class=\"ez-toc-link ez-toc-heading-7\" href=\"https:\/\/verimin.com.tr\/blog\/sanal-makine-nedir\/#Sanal_Makine_Kurmak_Icin_Hangi_Programlar_Kullanilir\" title=\"Sanal Makine Kurmak \u0130\u00e7in Hangi Programlar Kullan\u0131l\u0131r?\">Sanal Makine Kurmak \u0130\u00e7in Hangi Programlar Kullan\u0131l\u0131r?<\/a><\/li><li class='ez-toc-page-1'><a class=\"ez-toc-link ez-toc-heading-8\" href=\"https:\/\/verimin.com.tr\/blog\/sanal-makine-nedir\/#Sanal_Makine_Nasil_Kurulur\" title=\"Sanal Makine Nas\u0131l Kurulur?\">Sanal Makine Nas\u0131l Kurulur?<\/a><\/li><li class='ez-toc-page-1'><a class=\"ez-toc-link ez-toc-heading-9\" href=\"https:\/\/verimin.com.tr\/blog\/sanal-makine-nedir\/#Windows_Uzerinde_Sanal_Makine_Nasil_Olusturulur\" title=\"Windows \u00dczerinde Sanal Makine Nas\u0131l Olu\u015fturulur?\">Windows \u00dczerinde Sanal Makine Nas\u0131l Olu\u015fturulur?<\/a><\/li><li class='ez-toc-page-1'><a class=\"ez-toc-link ez-toc-heading-10\" href=\"https:\/\/verimin.com.tr\/blog\/sanal-makine-nedir\/#Linux_Uzerinde_Sanal_Makine_Nasil_Olusturulur\" title=\"Linux \u00dczerinde Sanal Makine Nas\u0131l Olu\u015fturulur?\">Linux \u00dczerinde Sanal Makine Nas\u0131l Olu\u015fturulur?<\/a><\/li><li class='ez-toc-page-1'><a class=\"ez-toc-link ez-toc-heading-11\" href=\"https:\/\/verimin.com.tr\/blog\/sanal-makine-nedir\/#Sanal_Makine_Ne_Kadar_Kaynak_Tuketir\" title=\"Sanal Makine Ne Kadar Kaynak T\u00fcketir?\">Sanal Makine Ne Kadar Kaynak T\u00fcketir?<\/a><\/li><li class='ez-toc-page-1'><a class=\"ez-toc-link ez-toc-heading-12\" href=\"https:\/\/verimin.com.tr\/blog\/sanal-makine-nedir\/#Sanal_Makine_ile_Sanal_Sunucu_Arasindaki_Fark_Nedir\" title=\"Sanal Makine ile Sanal Sunucu Aras\u0131ndaki Fark Nedir?\">Sanal Makine ile Sanal Sunucu Aras\u0131ndaki Fark Nedir?<\/a><\/li><li class='ez-toc-page-1'><a class=\"ez-toc-link ez-toc-heading-13\" href=\"https:\/\/verimin.com.tr\/blog\/sanal-makine-nedir\/#Sanal_Makine_Kiralanir_mi\" title=\"Sanal Makine Kiralan\u0131r m\u0131?\">Sanal Makine Kiralan\u0131r m\u0131?<\/a><\/li><li class='ez-toc-page-1'><a class=\"ez-toc-link ez-toc-heading-14\" href=\"https:\/\/verimin.com.tr\/blog\/sanal-makine-nedir\/#Sanal_Makine_Ne_Zaman_Yetersiz_Kalir\" title=\"Sanal Makine Ne Zaman Yetersiz Kal\u0131r?\">Sanal Makine Ne Zaman Yetersiz Kal\u0131r?<\/a><\/li><li class='ez-toc-page-1'><a class=\"ez-toc-link ez-toc-heading-15\" href=\"https:\/\/verimin.com.tr\/blog\/sanal-makine-nedir\/#Sanal_Makine_Hangi_Alanlarda_Kullanilir\" title=\"Sanal Makine Hangi Alanlarda Kullan\u0131l\u0131r?\">Sanal Makine Hangi Alanlarda Kullan\u0131l\u0131r?<\/a><\/li><li class='ez-toc-page-1'><a class=\"ez-toc-link ez-toc-heading-16\" href=\"https:\/\/verimin.com.tr\/blog\/sanal-makine-nedir\/#Sanal_Makine_ile_Konteyner_Arasindaki_Fark_Nedir\" title=\"Sanal Makine ile Konteyner Aras\u0131ndaki Fark Nedir?\">Sanal Makine ile Konteyner Aras\u0131ndaki Fark Nedir?<\/a><\/li><li class='ez-toc-page-1'><a class=\"ez-toc-link ez-toc-heading-17\" href=\"https:\/\/verimin.com.tr\/blog\/sanal-makine-nedir\/#Sanal_Makine_Ucretsiz_mi\" title=\"Sanal Makine \u00dccretsiz mi?\">Sanal Makine \u00dccretsiz mi?<\/a><\/li><li class='ez-toc-page-1'><a class=\"ez-toc-link ez-toc-heading-18\" href=\"https:\/\/verimin.com.tr\/blog\/sanal-makine-nedir\/#Sanal_Makine_Ana_Bilgisayari_Yavaslatir_mi\" title=\"Sanal Makine Ana Bilgisayar\u0131 Yava\u015flat\u0131r m\u0131?\">Sanal Makine Ana Bilgisayar\u0131 Yava\u015flat\u0131r m\u0131?<\/a><\/li><li class='ez-toc-page-1'><a class=\"ez-toc-link ez-toc-heading-19\" href=\"https:\/\/verimin.com.tr\/blog\/sanal-makine-nedir\/#Sanal_Makine_Verileri_Ana_Makineden_Yalitilmis_midir\" title=\"Sanal Makine Verileri Ana Makineden Yal\u0131t\u0131lm\u0131\u015f m\u0131d\u0131r?\">Sanal Makine Verileri Ana Makineden Yal\u0131t\u0131lm\u0131\u015f m\u0131d\u0131r?<\/a><\/li><\/ul><\/nav><\/div>\n<h2 class=\"wp-block-heading\"><span class=\"ez-toc-section\" id=\"Sanal_Makine_Ne_Ise_Yarar\"><\/span>Sanal Makine Ne \u0130\u015fe Yarar?<span class=\"ez-toc-section-end\"><\/span><\/h2>\r\n\r\n\r\n\r\n<p class=\"wp-block-paragraph\"><strong>Sanal makine, tek bir fiziksel bilgisayar\u0131n kaynaklar\u0131 \u00fczerinde \u00e7al\u0131\u015fan ba\u011f\u0131ms\u0131z bir i\u015fletim sistemi kopyas\u0131d\u0131r.<\/strong> Sanal makine, ayn\u0131 donan\u0131m \u00fczerinde birbirinden yal\u0131t\u0131lm\u0131\u015f birden fazla sistemin ayn\u0131 anda \u00e7al\u0131\u015ft\u0131r\u0131lmas\u0131n\u0131 sa\u011flar. Tek bir bilgisayarda Windows ve Linux sistemleri yan yana \u00e7al\u0131\u015f\u0131r, bir sanal makinede olu\u015fan hata di\u011fer sanal makineye ta\u015f\u0131nmaz.<\/p>\r\n\r\n\r\n\r\n<h2 class=\"wp-block-heading\"><span class=\"ez-toc-section\" id=\"Sanal_Makine_Nasil_Calisir\"><\/span>Sanal Makine Nas\u0131l \u00c7al\u0131\u015f\u0131r?<span class=\"ez-toc-section-end\"><\/span><\/h2>\r\n\r\n\r\n\r\n<figure class=\"wp-block-image size-large\"><img loading=\"lazy\" decoding=\"async\" width=\"1672\" height=\"941\" src=\"https:\/\/verimin.com.tr\/blog\/wp-content\/uploads\/2026\/08\/sanal-makine-nedir-2.avif\" alt=\"Sanal makine nas\u0131l \u00e7al\u0131\u015f\u0131r hiperviz\u00f6r katman\u0131\" class=\"wp-image-2092\" srcset=\"https:\/\/verimin.com.tr\/blog\/wp-content\/uploads\/2026\/08\/sanal-makine-nedir-2.avif 1672w, https:\/\/verimin.com.tr\/blog\/wp-content\/uploads\/2026\/08\/sanal-makine-nedir-2-300x169.avif 300w, https:\/\/verimin.com.tr\/blog\/wp-content\/uploads\/2026\/08\/sanal-makine-nedir-2-1024x576.avif 1024w, https:\/\/verimin.com.tr\/blog\/wp-content\/uploads\/2026\/08\/sanal-makine-nedir-2-768x432.avif 768w, https:\/\/verimin.com.tr\/blog\/wp-content\/uploads\/2026\/08\/sanal-makine-nedir-2-1536x864.avif 1536w, https:\/\/verimin.com.tr\/blog\/wp-content\/uploads\/2026\/08\/sanal-makine-nedir-2-195x110.avif 195w, https:\/\/verimin.com.tr\/blog\/wp-content\/uploads\/2026\/08\/sanal-makine-nedir-2-390x220.avif 390w, https:\/\/verimin.com.tr\/blog\/wp-content\/uploads\/2026\/08\/sanal-makine-nedir-2-1170x658.avif 1170w\" sizes=\"auto, (max-width: 1672px) 100vw, 1672px\" \/><\/figure>\r\n\r\n\r\n\r\n<p class=\"wp-block-paragraph\">Sanal makine, hiperviz\u00f6r\u00fcn fiziksel donan\u0131m\u0131 b\u00f6l\u00fc\u015ft\u00fcrerek her konuk sisteme kendi pay\u0131n\u0131 vermesiyle \u00e7al\u0131\u015f\u0131r. Hiperviz\u00f6r i\u015flemci \u00e7ekirdeklerini zaman dilimlerine ay\u0131r\u0131r, fiziksel belle\u011fin belirli bir b\u00f6l\u00fcm\u00fcn\u00fc sanal makineye rezerve eder ve diskte tek bir dosya olarak duran sanal diski konuk sisteme ger\u00e7ek bir sabit disk gibi g\u00f6sterir. Konuk i\u015fletim sistemi donan\u0131m\u0131n payla\u015f\u0131ld\u0131\u011f\u0131n\u0131 g\u00f6rmez, kendisine ayr\u0131lan kayna\u011f\u0131 fiziksel bir bilgisayar\u0131n kayna\u011f\u0131 sayar.<\/p>\r\n\r\n\r\n\r\n<p class=\"wp-block-paragraph\">Yap\u0131n\u0131n iki taraf\u0131 vard\u0131r. Ana makine (host), hiperviz\u00f6r\u00fcn \u00fczerinde \u00e7al\u0131\u015ft\u0131\u011f\u0131 fiziksel bilgisayard\u0131r ve t\u00fcm kayna\u011f\u0131n sahibidir. Konuk makine (guest), ana makinenin kayna\u011f\u0131ndan pay alan sanal makinedir. 32 GB belle\u011fe sahip bir ana makinede 8 GB bellekli \u00fc\u00e7 konuk makine \u00e7al\u0131\u015ft\u0131r\u0131ld\u0131\u011f\u0131nda ana makinenin kendi i\u015fletim sistemi ve hiperviz\u00f6r i\u00e7in 8 GB bellek kal\u0131r.<\/p>\r\n\r\n\r\n\r\n<p class=\"wp-block-paragraph\">Yal\u0131t\u0131m, sanal makinenin en belirleyici \u00f6zelli\u011fidir. Bir konuk sistemde i\u015fletim sistemi \u00e7\u00f6kse, k\u00f6t\u00fc ama\u00e7l\u0131 yaz\u0131l\u0131m \u00e7al\u0131\u015fsa ya da sanal disk bozulsa bile olay o sanal makinenin s\u0131n\u0131rlar\u0131 i\u00e7inde kal\u0131r; ayn\u0131 ana makinede duran di\u011fer sanal makineler ve ana makine \u00e7al\u0131\u015fmay\u0131 s\u00fcrd\u00fcr\u00fcr. Yal\u0131t\u0131m\u0131 kuran katman hiperviz\u00f6rd\u00fcr.<\/p>\r\n\r\n\r\n\r\n<h3 class=\"wp-block-heading\"><span class=\"ez-toc-section\" id=\"Hipervizor_Nedir\"><\/span>Hiperviz\u00f6r Nedir?<span class=\"ez-toc-section-end\"><\/span><\/h3>\r\n\r\n\r\n\r\n<p class=\"wp-block-paragraph\">Hiperviz\u00f6r, fiziksel donan\u0131m ile konuk i\u015fletim sistemi aras\u0131nda duran ve donan\u0131m kaynaklar\u0131n\u0131 sanal makineler aras\u0131nda payla\u015ft\u0131ran yaz\u0131l\u0131m katman\u0131d\u0131r.<\/p>\r\n\r\n\r\n\r\n<h3 class=\"wp-block-heading\"><span class=\"ez-toc-section\" id=\"Sanal_Makineye_Hangi_Kaynaklar_Ayrilir\"><\/span>Sanal Makineye Hangi Kaynaklar Ayr\u0131l\u0131r?<span class=\"ez-toc-section-end\"><\/span><\/h3>\r\n\r\n\r\n\r\n<p class=\"wp-block-paragraph\">Sanal makineye ayr\u0131lan kaynaklar be\u015f ba\u015fl\u0131kta toplan\u0131r ve a\u015fa\u011f\u0131da listelenmi\u015ftir:<\/p>\r\n\r\n\r\n\r\n<ul class=\"wp-block-list\">\r\n\r\n<li><strong>\u0130\u015flemci \u00e7ekirde\u011fi.<\/strong> Sanal makineye sabit say\u0131da sanal \u00e7ekirdek (vCPU) atan\u0131r, \u00e7ekirdeklerin fiziksel i\u015flemci \u00fczerindeki kullan\u0131m pay\u0131 esnektir.<\/li>\r\n\r\n\r\n<li><strong>Bellek.<\/strong> Sanal makineye ayr\u0131lan bellek varsay\u0131lan olarak sabittir; dinamik bellek \u00f6zelli\u011fi a\u00e7\u0131ld\u0131\u011f\u0131nda ay\u0131rma alt ve \u00fcst s\u0131n\u0131r aras\u0131nda esner.<\/li>\r\n\r\n\r\n<li><strong>Sanal disk.<\/strong> Sanal disk ana makinede tek bir dosyad\u0131r; sabit boyutlu olu\u015fturuldu\u011funda alan ba\u015ftan ayr\u0131l\u0131r, dinamik olu\u015fturuldu\u011funda doldu\u011fu kadar b\u00fcy\u00fcr.<\/li>\r\n\r\n\r\n<li><strong>A\u011f arabirimi.<\/strong> Sanal a\u011f kart\u0131 sanal makineye sabit olarak tan\u0131mlan\u0131r, bant geni\u015fli\u011fi ana makinenin fiziksel kart\u0131yla esnek bi\u00e7imde payla\u015f\u0131l\u0131r.<\/li>\r\n\r\n\r\n<li><strong>Ekran kart\u0131.<\/strong> Sanal ekran kart\u0131 varsay\u0131lan olarak yaz\u0131l\u0131mla taklit edilir ve esnektir; fiziksel kart do\u011frudan atand\u0131\u011f\u0131nda ay\u0131rma sabit hale gelir.<\/li>\r\n\r\n<\/ul>\r\n\r\n\r\n\r\n<h2 class=\"wp-block-heading\"><span class=\"ez-toc-section\" id=\"Sanal_Makine_Turleri_Nelerdir\"><\/span>Sanal Makine T\u00fcrleri Nelerdir?<span class=\"ez-toc-section-end\"><\/span><\/h2>\r\n\r\n\r\n\r\n<p class=\"wp-block-paragraph\">Sanal makine t\u00fcrleri, sanal makineyi \u00e7al\u0131\u015ft\u0131ran hiperviz\u00f6r\u00fcn donan\u0131ma g\u00f6re konumland\u0131\u011f\u0131 katmana g\u00f6re ikiye ayr\u0131l\u0131r ve a\u015fa\u011f\u0131daki tabloda kar\u015f\u0131la\u015ft\u0131r\u0131lm\u0131\u015ft\u0131r.<\/p>\r\n\r\n\r\n\r\n<figure class=\"wp-block-table\"><table>\r\n<thead><tr><th>T\u00fcr<\/th><th>\u00c7al\u0131\u015fma katman\u0131<\/th><th>\u00d6rnek yaz\u0131l\u0131m<\/th><th>Tipik kullan\u0131m<\/th><\/tr><\/thead>\r\n<tbody>\r\n<tr><td>Tip 1 (bare metal)<\/td><td>Do\u011frudan donan\u0131m \u00fcst\u00fcnde<\/td><td>KVM, Hyper-V Server, VMware ESXi<\/td><td>Veri merkezi ve sunucu ortam\u0131<\/td><\/tr>\r\n<tr><td>Tip 2 (hosted)<\/td><td>Mevcut i\u015fletim sistemi \u00fcst\u00fcnde<\/td><td>VirtualBox, VMware Workstation<\/td><td>Masa\u00fcst\u00fc ve test ortam\u0131<\/td><\/tr>\r\n<\/tbody>\r\n<\/table><\/figure>\r\n\r\n\r\n\r\n<p class=\"wp-block-paragraph\">Tip 1 hiperviz\u00f6r donan\u0131ma do\u011frudan eri\u015fti\u011fi i\u00e7in sanalla\u015ft\u0131rma ek y\u00fck\u00fc %2 ile %5 aral\u0131\u011f\u0131nda kal\u0131r. Tip 2 hiperviz\u00f6rde her donan\u0131m iste\u011fi ana i\u015fletim sistemi \u00fczerinden ge\u00e7ti\u011fi i\u00e7in ek y\u00fck %10 ile %15 seviyesine \u00e7\u0131kar. Tabloda ge\u00e7en VMware \u00fcr\u00fcnlerinin kullan\u0131m\u0131n\u0131 <a href=\"https:\/\/verimin.com.tr\/blog\/vmware-nedir-vmware-nasil-kullanilir\">VMware nedir<\/a> yaz\u0131s\u0131nda ayr\u0131nt\u0131l\u0131 olarak ele ald\u0131k.<\/p>\r\n\r\n\r\n\r\n<h3 class=\"wp-block-heading\"><span class=\"ez-toc-section\" id=\"Tip_1_ve_Tip_2_Hipervizor_Arasindaki_Fark_Nedir\"><\/span>Tip 1 ve Tip 2 Hiperviz\u00f6r Aras\u0131ndaki Fark Nedir?<span class=\"ez-toc-section-end\"><\/span><\/h3>\r\n\r\n\r\n\r\n<p class=\"wp-block-paragraph\">Tip 1 ve Tip 2 hiperviz\u00f6r aras\u0131ndaki fark, hiperviz\u00f6r\u00fcn donan\u0131ma eri\u015fim mesafesidir. Tip 1 hiperviz\u00f6r i\u015flemciye, belle\u011fe ve disk denetleyicisine arac\u0131s\u0131z eri\u015fir ve konuk sistem fiziksel performans\u0131n %95 ile %98 aral\u0131\u011f\u0131n\u0131 g\u00f6r\u00fcr. Tip 2 hiperviz\u00f6r alt\u0131nda \u00e7al\u0131\u015fan bir ana i\u015fletim sistemi bulunur, her disk ve a\u011f iste\u011fi o katmandan ge\u00e7er, konuk sistemin g\u00f6rd\u00fc\u011f\u00fc performans fiziksel performans\u0131n %85 ile %90 aral\u0131\u011f\u0131na iner.<\/p>\r\n\r\n\r\n\r\n<p class=\"wp-block-paragraph\">Sunucu sa\u011flay\u0131c\u0131lar\u0131 Tip 1 hiperviz\u00f6r kullan\u0131r. Nedeni \u00fc\u00e7 kalemde toplan\u0131r: ek y\u00fck\u00fcn d\u00fc\u015f\u00fck olmas\u0131 ayn\u0131 fiziksel makinede daha \u00e7ok sanal makine \u00e7al\u0131\u015ft\u0131rmay\u0131 sa\u011flar, arada ana i\u015fletim sistemi bulunmamas\u0131 sald\u0131r\u0131 y\u00fczeyini daralt\u0131r ve ana i\u015fletim sisteminin g\u00fcncelleme sonras\u0131 yeniden ba\u015flat\u0131lmas\u0131 gere\u011fi ortadan kalkt\u0131\u011f\u0131 i\u00e7in kesintisiz \u00e7al\u0131\u015fma s\u00fcresi y\u00fckselir. Verimin olarak sunucu altyap\u0131m\u0131zda Tip 1 hiperviz\u00f6r \u00e7al\u0131\u015ft\u0131r\u0131yoruz.<\/p>\r\n\r\n\r\n\r\n<h2 class=\"wp-block-heading\"><span class=\"ez-toc-section\" id=\"Sanal_Makine_Kurmak_Icin_Hangi_Programlar_Kullanilir\"><\/span>Sanal Makine Kurmak \u0130\u00e7in Hangi Programlar Kullan\u0131l\u0131r?<span class=\"ez-toc-section-end\"><\/span><\/h2>\r\n\r\n\r\n\r\n<p class=\"wp-block-paragraph\">Masa\u00fcst\u00fcnde ve sunucuda sanal makine kurmak i\u00e7in kullan\u0131lan ba\u015fl\u0131ca programlar a\u015fa\u011f\u0131da listelenmi\u015ftir:<\/p>\r\n\r\n\r\n\r\n<ul class=\"wp-block-list\">\r\n\r\n<li><strong>VirtualBox.<\/strong> Oracle taraf\u0131ndan geli\u015ftirilen Tip 2 hiperviz\u00f6rd\u00fcr, Windows, Linux ve macOS \u00fczerinde \u00e7al\u0131\u015f\u0131r.<\/li>\r\n\r\n\r\n<li><strong>VMware Workstation.<\/strong> Tip 2 hiperviz\u00f6rd\u00fcr, Windows ve Linux \u00fczerinde \u00e7al\u0131\u015f\u0131r, ticari sanalla\u015ft\u0131rma \u00fcr\u00fcnleriyle ayn\u0131 disk bi\u00e7imini kullan\u0131r.<\/li>\r\n\r\n\r\n<li><strong>Hyper-V.<\/strong> Microsoft&#8217;un Tip 1 hiperviz\u00f6r\u00fcd\u00fcr, Windows 10 ve Windows 11&#8217;in Pro s\u00fcr\u00fcmlerinde ve Windows Server \u00fczerinde \u00e7al\u0131\u015f\u0131r.<\/li>\r\n\r\n\r\n<li><strong>QEMU\/KVM.<\/strong> Linux \u00e7ekirde\u011fine g\u00f6m\u00fcl\u00fc Tip 1 hiperviz\u00f6rd\u00fcr, Ubuntu, Debian, Pardus ve CentOS dahil t\u00fcm g\u00fcncel da\u011f\u0131t\u0131mlarda \u00e7al\u0131\u015f\u0131r.<\/li>\r\n\r\n<\/ul>\r\n\r\n\r\n\r\n<h2 class=\"wp-block-heading\"><span class=\"ez-toc-section\" id=\"Sanal_Makine_Nasil_Kurulur\"><\/span>Sanal Makine Nas\u0131l Kurulur?<span class=\"ez-toc-section-end\"><\/span><\/h2>\r\n\r\n\r\n\r\n<p class=\"wp-block-paragraph\">Sanal makine kurulumu be\u015f ad\u0131mda tamamlan\u0131r ve ad\u0131mlar a\u015fa\u011f\u0131da s\u0131ras\u0131yla verilmi\u015ftir:<\/p>\r\n\r\n\r\n\r\n<ol class=\"wp-block-list\">\r\n\r\n<li>Bilgisayar\u0131 yeniden ba\u015flat\u0131n, BIOS\/UEFI ekran\u0131na girin ve donan\u0131m sanalla\u015ft\u0131rma deste\u011fini (Intel VT-x veya AMD-V) etkinle\u015ftirin.<\/li>\r\n\r\n\r\n<li>Kullanaca\u011f\u0131n\u0131z hiperviz\u00f6r yaz\u0131l\u0131m\u0131n\u0131 kurun ve kurulum sonras\u0131 bilgisayar\u0131 yeniden ba\u015flat\u0131n.<\/li>\r\n\r\n\r\n<li>Kuraca\u011f\u0131n\u0131z i\u015fletim sisteminin ISO dosyas\u0131n\u0131 indirin ve dosya b\u00fct\u00fcnl\u00fc\u011f\u00fcn\u00fc SHA-256 \u00f6zetiyle do\u011frulay\u0131n.<\/li>\r\n\r\n\r\n<li>Yeni sanal makine tan\u0131mlay\u0131n, en az 2 sanal \u00e7ekirdek, 4096 MB bellek ve 40 GB sanal disk ay\u0131r\u0131n.<\/li>\r\n\r\n\r\n<li>ISO dosyas\u0131n\u0131 sanal optik s\u00fcr\u00fcc\u00fcye ba\u011flay\u0131n, sanal makineyi ba\u015flat\u0131n ve i\u015fletim sistemi kurulumunu tamamlay\u0131n.<\/li>\r\n\r\n<\/ol>\r\n\r\n\r\n\r\n<h3 class=\"wp-block-heading\"><span class=\"ez-toc-section\" id=\"Windows_Uzerinde_Sanal_Makine_Nasil_Olusturulur\"><\/span>Windows \u00dczerinde Sanal Makine Nas\u0131l Olu\u015fturulur?<span class=\"ez-toc-section-end\"><\/span><\/h3>\r\n\r\n\r\n\r\n<p class=\"wp-block-paragraph\">Hyper-V, Windows 10 ve Windows 11&#8217;in Pro, Enterprise ve Education s\u00fcr\u00fcmlerinde yerle\u015fik gelir ve ayr\u0131ca yaz\u0131l\u0131m kurulumu gerektirmez. Windows \u00fczerinde sanal makine olu\u015fturma ad\u0131mlar\u0131 a\u015fa\u011f\u0131da verilmi\u015ftir:<\/p>\r\n\r\n\r\n\r\n<ol class=\"wp-block-list\">\r\n\r\n<li>Ayarlar ekran\u0131ndan Windows s\u00fcr\u00fcm\u00fcn\u00fc do\u011frulay\u0131n; Home s\u00fcr\u00fcm\u00fcnde Hyper-V bulunmaz.<\/li>\r\n\r\n\r\n<li>Denetim Masas\u0131 i\u00e7inden Windows \u00f6zelliklerini a\u00e7 veya kapat yolunu izleyin, Hyper-V kutusunu i\u015faretleyin ve bilgisayar\u0131 yeniden ba\u015flat\u0131n.<\/li>\r\n\r\n\r\n<li>Hyper-V Y\u00f6neticisi&#8217;ni a\u00e7\u0131n, Eylem men\u00fcs\u00fcnden Yeni ve Sanal Makine ad\u0131mlar\u0131n\u0131 se\u00e7in.<\/li>\r\n\r\n\r\n<li>Nesil olarak Generation 2 se\u00e7in, 4096 MB ba\u015flang\u0131\u00e7 belle\u011fi ve 60 GB sanal disk tan\u0131mlay\u0131n.<\/li>\r\n\r\n\r\n<li>Kurulum ortam\u0131 olarak ISO dosyas\u0131n\u0131 g\u00f6sterin ve sanal makineyi ba\u015flat\u0131n.<\/li>\r\n\r\n<\/ol>\r\n\r\n\r\n\r\n<h3 class=\"wp-block-heading\"><span class=\"ez-toc-section\" id=\"Linux_Uzerinde_Sanal_Makine_Nasil_Olusturulur\"><\/span>Linux \u00dczerinde Sanal Makine Nas\u0131l Olu\u015fturulur?<span class=\"ez-toc-section-end\"><\/span><\/h3>\r\n\r\n\r\n\r\n<p class=\"wp-block-paragraph\">Linux \u00fczerinde sanal makine, \u00e7ekirde\u011fe g\u00f6m\u00fcl\u00fc KVM hiperviz\u00f6r\u00fc ile libvirt y\u00f6netim katman\u0131 kurularak olu\u015fturulur. Linux \u00fczerinde sanal makine olu\u015fturma ad\u0131mlar\u0131 a\u015fa\u011f\u0131da verilmi\u015ftir:<\/p>\r\n\r\n\r\n\r\n<ol class=\"wp-block-list\">\r\n\r\n<li><code>egrep -c '(vmx|svm)' \/proc\/cpuinfo<\/code> komutunu \u00e7al\u0131\u015ft\u0131r\u0131n; sonu\u00e7 0&#8217;dan b\u00fcy\u00fckse i\u015flemci sanalla\u015ft\u0131rmay\u0131 destekler.<\/li>\r\n\r\n\r\n<li><code>sudo apt install qemu-kvm libvirt-daemon-system virt-manager<\/code> komutuyla KVM, libvirt ve grafik y\u00f6netim arac\u0131n\u0131 kurun.<\/li>\r\n\r\n\r\n<li><code>sudo usermod -aG libvirt $USER<\/code> komutuyla kullan\u0131c\u0131y\u0131 libvirt grubuna ekleyin ve oturumu kapat\u0131p yeniden a\u00e7\u0131n.<\/li>\r\n\r\n\r\n<li>virt-manager aray\u00fcz\u00fcnden yeni sanal makine tan\u0131mlay\u0131n, ISO dosyas\u0131n\u0131 se\u00e7in, en az 2 sanal \u00e7ekirdek ve 4096 MB bellek ay\u0131r\u0131n.<\/li>\r\n\r\n<\/ol>\r\n\r\n\r\n\r\n<p class=\"wp-block-paragraph\">Pardus dahil Debian tabanl\u0131 t\u00fcm da\u011f\u0131t\u0131mlarda ayn\u0131 komut zinciri de\u011fi\u015fmeden \u00e7al\u0131\u015f\u0131r. Da\u011f\u0131t\u0131m s\u00fcr\u00fcmleri ve paket yap\u0131s\u0131 hakk\u0131nda ayr\u0131nt\u0131 i\u00e7in <a href=\"https:\/\/verimin.com.tr\/blog\/ubuntu-nedir-ubuntunun-faydalari-nelerdir\">Ubuntu<\/a> yaz\u0131m\u0131z\u0131 inceleyebilirsiniz.<\/p>\r\n\r\n\r\n\r\n<h3 class=\"wp-block-heading\"><span class=\"ez-toc-section\" id=\"Sanal_Makine_Ne_Kadar_Kaynak_Tuketir\"><\/span>Sanal Makine Ne Kadar Kaynak T\u00fcketir?<span class=\"ez-toc-section-end\"><\/span><\/h3>\r\n\r\n\r\n\r\n<p class=\"wp-block-paragraph\">Sanal makinenin kaynak t\u00fcketimi konuk i\u015fletim sisteminin minimum gereksinimiyle belirlenir ve yayg\u0131n konuk sistemlerin de\u011ferleri a\u015fa\u011f\u0131daki tabloda verilmi\u015ftir.<\/p>\r\n\r\n\r\n\r\n<figure class=\"wp-block-table\"><table>\r\n<thead><tr><th>Konuk sistem<\/th><th>Minimum RAM<\/th><th>Minimum disk<\/th><\/tr><\/thead>\r\n<tbody>\r\n<tr><td>Windows Server 2022<\/td><td>4 GB<\/td><td>60 GB<\/td><\/tr>\r\n<tr><td>Windows 11<\/td><td>4 GB<\/td><td>64 GB<\/td><\/tr>\r\n<tr><td>Ubuntu Server 24.04<\/td><td>1 GB<\/td><td>25 GB<\/td><\/tr>\r\n<tr><td>Ubuntu Desktop 24.04<\/td><td>4 GB<\/td><td>25 GB<\/td><\/tr>\r\n<\/tbody>\r\n<\/table><\/figure>\r\n\r\n\r\n\r\n<p class=\"wp-block-paragraph\">Tablodaki de\u011ferler yaln\u0131zca konuk sistemin pay\u0131d\u0131r. Ana makinede kendi i\u015fletim sistemi ve hiperviz\u00f6r i\u00e7in en az 4 GB bellek ile 20 GB disk bo\u015f b\u0131rak\u0131l\u0131r; 16 GB belle\u011fe sahip bir bilgisayarda toplam 12 GB&#8217;a kadar konuk makine \u00e7al\u0131\u015ft\u0131r\u0131l\u0131r. Bellek kapasitesi se\u00e7imini <a href=\"https:\/\/verimin.com.tr\/blog\/sunucu-ram\">sunucu RAM<\/a> yaz\u0131m\u0131zda ayr\u0131nt\u0131land\u0131rd\u0131k.<\/p>\r\n\r\n\r\n\r\n<h2 class=\"wp-block-heading\"><span class=\"ez-toc-section\" id=\"Sanal_Makine_ile_Sanal_Sunucu_Arasindaki_Fark_Nedir\"><\/span>Sanal Makine ile Sanal Sunucu Aras\u0131ndaki Fark Nedir?<span class=\"ez-toc-section-end\"><\/span><\/h2>\r\n\r\n\r\n\r\n<figure class=\"wp-block-image size-large\"><img loading=\"lazy\" decoding=\"async\" width=\"1672\" height=\"941\" src=\"https:\/\/verimin.com.tr\/blog\/wp-content\/uploads\/2026\/08\/sanal-makine-nedir-3.avif\" alt=\"Sanal makine ile sanal sunucu aras\u0131ndaki fark\" class=\"wp-image-2093\" srcset=\"https:\/\/verimin.com.tr\/blog\/wp-content\/uploads\/2026\/08\/sanal-makine-nedir-3.avif 1672w, https:\/\/verimin.com.tr\/blog\/wp-content\/uploads\/2026\/08\/sanal-makine-nedir-3-300x169.avif 300w, https:\/\/verimin.com.tr\/blog\/wp-content\/uploads\/2026\/08\/sanal-makine-nedir-3-1024x576.avif 1024w, https:\/\/verimin.com.tr\/blog\/wp-content\/uploads\/2026\/08\/sanal-makine-nedir-3-768x432.avif 768w, https:\/\/verimin.com.tr\/blog\/wp-content\/uploads\/2026\/08\/sanal-makine-nedir-3-1536x864.avif 1536w, https:\/\/verimin.com.tr\/blog\/wp-content\/uploads\/2026\/08\/sanal-makine-nedir-3-195x110.avif 195w, https:\/\/verimin.com.tr\/blog\/wp-content\/uploads\/2026\/08\/sanal-makine-nedir-3-390x220.avif 390w, https:\/\/verimin.com.tr\/blog\/wp-content\/uploads\/2026\/08\/sanal-makine-nedir-3-1170x658.avif 1170w\" sizes=\"auto, (max-width: 1672px) 100vw, 1672px\" \/><\/figure>\r\n\r\n\r\n\r\n<p class=\"wp-block-paragraph\">Sanal sunucu teknik olarak bir sanal makinedir; fark sanal makinenin nerede \u00e7al\u0131\u015ft\u0131r\u0131ld\u0131\u011f\u0131ndad\u0131r. Sanal makine kendi bilgisayar\u0131n\u0131zda, sanal sunucu ise veri merkezindeki bir sunucu \u00fczerinde \u00e7al\u0131\u015f\u0131r ve aradaki farklar a\u015fa\u011f\u0131daki tabloda kar\u015f\u0131la\u015ft\u0131r\u0131lm\u0131\u015ft\u0131r.<\/p>\r\n\r\n\r\n\r\n<figure class=\"wp-block-table\"><table>\r\n<thead><tr><th>\u00d6l\u00e7\u00fct<\/th><th>Sanal makine<\/th><th>Sanal sunucu<\/th><\/tr><\/thead>\r\n<tbody>\r\n<tr><td>\u00c7al\u0131\u015ft\u0131\u011f\u0131 yer<\/td><td>Kendi bilgisayar\u0131n\u0131z<\/td><td>Veri merkezi<\/td><\/tr>\r\n<tr><td>Kesintisiz \u00e7al\u0131\u015fma<\/td><td>Bilgisayar kapand\u0131\u011f\u0131nda durur<\/td><td>7\/24 a\u00e7\u0131k kal\u0131r<\/td><\/tr>\r\n<tr><td>Sabit IP<\/td><td>Yok, ev ba\u011flant\u0131s\u0131n\u0131n IP&#8217;si de\u011fi\u015fir<\/td><td>Var, ayr\u0131lm\u0131\u015f statik IP verilir<\/td><\/tr>\r\n<tr><td>\u0130nternete a\u00e7\u0131kl\u0131k<\/td><td>Yerel a\u011fla s\u0131n\u0131rl\u0131d\u0131r<\/td><td>Do\u011frudan internete servis verir<\/td><\/tr>\r\n<tr><td>Yedeklilik<\/td><td>Tek disk, tek elektrik hatt\u0131<\/td><td>Yedekli disk, jenerat\u00f6r ve \u00e7oklu operat\u00f6r<\/td><\/tr>\r\n<tr><td>Maliyet modeli<\/td><td>Donan\u0131m tek seferde sat\u0131n al\u0131n\u0131r<\/td><td>Ayl\u0131k kiralama bedeli \u00f6denir<\/td><\/tr>\r\n<\/tbody>\r\n<\/table><\/figure>\r\n\r\n\r\n\r\n<p class=\"wp-block-paragraph\">Kaynak ay\u0131rma mant\u0131\u011f\u0131, hiperviz\u00f6r katman\u0131 ve yal\u0131t\u0131m ilkesi her iki tarafta ayn\u0131d\u0131r. Sanal sunucunun tan\u0131m\u0131n\u0131 ve \u00e7al\u0131\u015fma yap\u0131s\u0131n\u0131 <a href=\"https:\/\/verimin.com.tr\/blog\/sanal-sunucu-nedir\">sanal sunucu nedir<\/a> yaz\u0131m\u0131zda kapsaml\u0131 bi\u00e7imde a\u00e7\u0131klad\u0131k.<\/p>\r\n\r\n\r\n\r\n<h3 class=\"wp-block-heading\"><span class=\"ez-toc-section\" id=\"Sanal_Makine_Kiralanir_mi\"><\/span>Sanal Makine Kiralan\u0131r m\u0131?<span class=\"ez-toc-section-end\"><\/span><\/h3>\r\n\r\n\r\n\r\n<p class=\"wp-block-paragraph\"><strong>Evet, sanal makine kiralan\u0131r.<\/strong> Veri merkezinde \u00e7al\u0131\u015fan kiral\u0131k sanal makine, sekt\u00f6rde sanal sunucu (VDS\/VPS) ad\u0131yla sunulur. T\u00fcrkiye lokasyonlu veri merkezimizde Tip 1 hiperviz\u00f6r \u00fczerinde \u00e7al\u0131\u015fan sanal sunucular\u0131 ayl\u0131k kiralama modeliyle sunuyoruz, kurulumu ve a\u011f yap\u0131land\u0131rmas\u0131n\u0131 biz tamaml\u0131yoruz. Yap\u0131land\u0131rma se\u00e7enekleri i\u00e7in <a href=\"https:\/\/verimin.com.tr\/sanal-sunucu\">sanal sunucu<\/a> sayfam\u0131z\u0131 inceleyebilirsiniz.<\/p>\r\n\r\n\r\n\r\n<h3 class=\"wp-block-heading\"><span class=\"ez-toc-section\" id=\"Sanal_Makine_Ne_Zaman_Yetersiz_Kalir\"><\/span>Sanal Makine Ne Zaman Yetersiz Kal\u0131r?<span class=\"ez-toc-section-end\"><\/span><\/h3>\r\n\r\n\r\n\r\n<p class=\"wp-block-paragraph\">Sanal makinenin yetersiz kald\u0131\u011f\u0131 d\u00f6rt durum a\u015fa\u011f\u0131da listelenmi\u015ftir:<\/p>\r\n\r\n\r\n\r\n<ul class=\"wp-block-list\">\r\n\r\n<li><strong>Kesintisiz eri\u015fim gerekti\u011finde.<\/strong> Ana bilgisayar kapand\u0131\u011f\u0131nda sanal makine de durur; 7\/24 eri\u015fim i\u00e7in sanal sunucuya ge\u00e7ilir.<\/li>\r\n\r\n\r\n<li><strong>Sabit IP gerekti\u011finde.<\/strong> Ev ve ofis ba\u011flant\u0131lar\u0131nda IP adresi de\u011fi\u015fir; alan ad\u0131 y\u00f6nlendirmesi i\u00e7in statik IP veren sanal sunucu gerekir.<\/li>\r\n\r\n\r\n<li><strong>D\u0131\u015f d\u00fcnyaya servis verildi\u011finde.<\/strong> Yerel a\u011fdaki sanal makineye internetten eri\u015filmez; web sitesi ve API yay\u0131n\u0131 sanal sunucu \u00fczerinde yap\u0131l\u0131r.<\/li>\r\n\r\n\r\n<li><strong>Yedeklilik gerekti\u011finde.<\/strong> Tek diskli bir bilgisayarda donan\u0131m ar\u0131zas\u0131 veri kayb\u0131 \u00fcretir; yedekli disk ve enerji altyap\u0131s\u0131 sanal sunucuda bulunur.<\/li>\r\n\r\n<\/ul>\r\n\r\n\r\n\r\n<p class=\"wp-block-paragraph\">Kaynak se\u00e7enekleri ve fiyatland\u0131rma i\u00e7in <a href=\"https:\/\/verimin.com.tr\/vds-satin-al\">VDS sat\u0131n al<\/a> sayfam\u0131za g\u00f6z atabilirsiniz.<\/p>\r\n\r\n\r\n\r\n<h2 class=\"wp-block-heading\"><span class=\"ez-toc-section\" id=\"Sanal_Makine_Hangi_Alanlarda_Kullanilir\"><\/span>Sanal Makine Hangi Alanlarda Kullan\u0131l\u0131r?<span class=\"ez-toc-section-end\"><\/span><\/h2>\r\n\r\n\r\n\r\n<p class=\"wp-block-paragraph\">Sanal makinenin kullan\u0131ld\u0131\u011f\u0131 ba\u015fl\u0131ca alt\u0131 alan a\u015fa\u011f\u0131da listelenmi\u015ftir:<\/p>\r\n\r\n\r\n\r\n<ul class=\"wp-block-list\">\r\n\r\n<li><strong>Yaz\u0131l\u0131m testi.<\/strong> Yeni s\u00fcr\u00fcm, ana sisteme dokunulmadan izole bir konuk sistemde denenir ve hata durumunda anl\u0131k g\u00f6r\u00fcnt\u00fcye d\u00f6n\u00fcl\u00fcr.<\/li>\r\n\r\n\r\n<li><strong>Eski uygulama uyumlulu\u011fu.<\/strong> G\u00fcncel i\u015fletim sisteminde \u00e7al\u0131\u015fmayan kurumsal uygulamalar, eski s\u00fcr\u00fcm\u00fc bar\u0131nd\u0131ran bir sanal makinede \u00e7al\u0131\u015ft\u0131r\u0131l\u0131r.<\/li>\r\n\r\n\r\n<li><strong>G\u00fcvenlik analizi.<\/strong> \u015e\u00fcpheli dosyalar a\u011f ba\u011flant\u0131s\u0131 kapat\u0131lm\u0131\u015f bir sanal makinede incelenir, bula\u015fma ana makineye ge\u00e7mez.<\/li>\r\n\r\n\r\n<li><strong>E\u011fitim ortam\u0131.<\/strong> Sunucu y\u00f6netimi ve a\u011f dersleri i\u00e7in her kat\u0131l\u0131mc\u0131ya ayn\u0131 yap\u0131land\u0131rmayla sanal makine da\u011f\u0131t\u0131l\u0131r.<\/li>\r\n\r\n\r\n<li><strong>Sunucu konsolidasyonu.<\/strong> Ayr\u0131 ayr\u0131 duran fiziksel sunucular tek bir g\u00fc\u00e7l\u00fc makine \u00fczerinde sanal makinelere d\u00f6n\u00fc\u015ft\u00fcr\u00fcl\u00fcr, donan\u0131m say\u0131s\u0131 ve enerji t\u00fcketimi d\u00fc\u015fer.<\/li>\r\n\r\n\r\n<li><strong>Geli\u015ftirme ortam\u0131.<\/strong> \u00dcretim sunucusuyla ayn\u0131 i\u015fletim sistemi ve paket s\u00fcr\u00fcmleri sanal makinede kurulur, ortam fark\u0131ndan do\u011fan hatalar \u00f6nlenir.<\/li>\r\n\r\n<\/ul>\r\n\r\n\r\n\r\n<p class=\"wp-block-paragraph\">Uygulama da\u011f\u0131t\u0131m\u0131nda sanal makineye alternatif olu\u015fturan konteyner teknolojisini <a href=\"https:\/\/verimin.com.tr\/blog\/docker-nedir\">Docker<\/a> yaz\u0131m\u0131zda ele ald\u0131k.<\/p>\r\n\r\n\r\n\r\n<h3 class=\"wp-block-heading\"><span class=\"ez-toc-section\" id=\"Sanal_Makine_ile_Konteyner_Arasindaki_Fark_Nedir\"><\/span>Sanal Makine ile Konteyner Aras\u0131ndaki Fark Nedir?<span class=\"ez-toc-section-end\"><\/span><\/h3>\r\n\r\n\r\n\r\n<p class=\"wp-block-paragraph\">Sanal makine ile konteyner aras\u0131ndaki fark yal\u0131t\u0131m\u0131n hangi katmanda kuruldu\u011fundan do\u011far ve d\u00f6rt \u00f6l\u00e7\u00fctte \u00f6zetlenmi\u015ftir.<\/p>\r\n\r\n\r\n\r\n<figure class=\"wp-block-table\"><table>\r\n<thead><tr><th>\u00d6l\u00e7\u00fct<\/th><th>Sanal makine<\/th><th>Konteyner<\/th><\/tr><\/thead>\r\n<tbody>\r\n<tr><td>Yal\u0131t\u0131m katman\u0131<\/td><td>Donan\u0131m seviyesi, her konuk kendi \u00e7ekirde\u011fini \u00e7al\u0131\u015ft\u0131r\u0131r<\/td><td>\u0130\u015fletim sistemi seviyesi, \u00e7ekirdek ana sistemle payla\u015f\u0131l\u0131r<\/td><\/tr>\r\n<tr><td>Ba\u015flang\u0131\u00e7 s\u00fcresi<\/td><td>30 ile 60 saniye<\/td><td>1 ile 3 saniye<\/td><\/tr>\r\n<tr><td>Kaynak t\u00fcketimi<\/td><td>Konuk ba\u015f\u0131na 1 GB ile 4 GB bellek<\/td><td>Konteyner ba\u015f\u0131na 50 MB ile 200 MB bellek<\/td><\/tr>\r\n<tr><td>Kullan\u0131m alan\u0131<\/td><td>Farkl\u0131 i\u015fletim sistemleri ve tam yal\u0131t\u0131m<\/td><td>Ayn\u0131 \u00e7ekirdek \u00fczerinde h\u0131zl\u0131 uygulama da\u011f\u0131t\u0131m\u0131<\/td><\/tr>\r\n<\/tbody>\r\n<\/table><\/figure>\r\n\r\n\r\n\r\n<h3 class=\"wp-block-heading\"><span class=\"ez-toc-section\" id=\"Sanal_Makine_Ucretsiz_mi\"><\/span>Sanal Makine \u00dccretsiz mi?<span class=\"ez-toc-section-end\"><\/span><\/h3>\r\n\r\n\r\n\r\n<p class=\"wp-block-paragraph\"><strong>Sanal makine yaz\u0131l\u0131m\u0131 \u00fccretsizdir, konuk i\u015fletim sisteminin lisans\u0131 ayr\u0131ca \u00f6denir.<\/strong> VirtualBox ve Hyper-V hi\u00e7bir \u00fccret talep etmez, QEMU\/KVM a\u00e7\u0131k kaynakt\u0131r. Sanal makineye kurulan Windows Server veya Windows 11 i\u00e7in ise ayr\u0131 bir lisans sat\u0131n al\u0131n\u0131r; Ubuntu ve Pardus gibi da\u011f\u0131t\u0131mlar lisans \u00fccreti i\u00e7ermez.<\/p>\r\n\r\n\r\n\r\n<h3 class=\"wp-block-heading\"><span class=\"ez-toc-section\" id=\"Sanal_Makine_Ana_Bilgisayari_Yavaslatir_mi\"><\/span>Sanal Makine Ana Bilgisayar\u0131 Yava\u015flat\u0131r m\u0131?<span class=\"ez-toc-section-end\"><\/span><\/h3>\r\n\r\n\r\n\r\n<p class=\"wp-block-paragraph\"><strong>Evet, sanal makine ana bilgisayar\u0131 yava\u015flat\u0131r.<\/strong> Sanal makineye ayr\u0131lan kaynak ana makinenin toplam kayna\u011f\u0131ndan d\u00fc\u015f\u00fcl\u00fcr. 16 GB belle\u011fe ve 8 \u00e7ekirde\u011fe sahip bir bilgisayarda 8 GB bellek ve 4 \u00e7ekirdek ayr\u0131lm\u0131\u015f bir sanal makine \u00e7al\u0131\u015ft\u0131r\u0131ld\u0131\u011f\u0131nda ana makineye 8 GB bellek ve 4 \u00e7ekirdek kal\u0131r, sanalla\u015ft\u0131rma ek y\u00fck\u00fc de %10 ile %15 aral\u0131\u011f\u0131nda bir kay\u0131p ekler.<\/p>\r\n\r\n\r\n\r\n<h3 class=\"wp-block-heading\"><span class=\"ez-toc-section\" id=\"Sanal_Makine_Verileri_Ana_Makineden_Yalitilmis_midir\"><\/span>Sanal Makine Verileri Ana Makineden Yal\u0131t\u0131lm\u0131\u015f m\u0131d\u0131r?<span class=\"ez-toc-section-end\"><\/span><\/h3>\r\n\r\n\r\n\r\n<p class=\"wp-block-paragraph\"><strong>Evet, sanal makine verileri ana makineden yal\u0131t\u0131lm\u0131\u015ft\u0131r.<\/strong> Konuk sistemin diski ana makinede tek bir dosya olarak durur ve konuk sistem ana makinenin dosya sistemine eri\u015femez. Payla\u015f\u0131lan klas\u00f6r, pano aktar\u0131m\u0131 ve s\u00fcr\u00fckle b\u0131rak \u00f6zellikleri a\u00e7\u0131ld\u0131\u011f\u0131nda iki taraf aras\u0131nda veri yolu kurulur ve yal\u0131t\u0131m zay\u0131flar. Sanalla\u015ft\u0131rma yap\u0131land\u0131rman\u0131z i\u00e7in <a href=\"https:\/\/verimin.com.tr\/iletisim\">teknik destek<\/a> ekibimize ula\u015fabilirsiniz.<\/p>\r\n","protected":false},"excerpt":{"rendered":"<p>Sanal makine, tek bir fiziksel bilgisayar\u0131n kaynaklar\u0131 \u00fczerinde \u00e7al\u0131\u015fan ba\u011f\u0131ms\u0131z i\u015fletim sistemi kopyas\u0131d\u0131r. Sanal makinenin nas\u0131l \u00e7al\u0131\u015ft\u0131\u011f\u0131n\u0131, hiperviz\u00f6r t\u00fcrlerini, sanal sunucudan fark\u0131n\u0131 ve kullan\u0131m alanlar\u0131n\u0131 a\u00e7\u0131kl\u0131yoruz.<\/p>\n","protected":false},"author":1,"featured_media":2091,"comment_status":"open","ping_status":"open","sticky":false,"template":"","format":"standard","meta":{"footnotes":""},"categories":[1],"tags":[],"class_list":["post-2103","post","type-post","status-publish","format-standard","has-post-thumbnail","hentry","category-genel"],"_links":{"self":[{"href":"https:\/\/verimin.com.tr\/blog\/wp-json\/wp\/v2\/posts\/2103","targetHints":{"allow":["GET"]}}],"collection":[{"href":"https:\/\/verimin.com.tr\/blog\/wp-json\/wp\/v2\/posts"}],"about":[{"href":"https:\/\/verimin.com.tr\/blog\/wp-json\/wp\/v2\/types\/post"}],"author":[{"embeddable":true,"href":"https:\/\/verimin.com.tr\/blog\/wp-json\/wp\/v2\/users\/1"}],"replies":[{"embeddable":true,"href":"https:\/\/verimin.com.tr\/blog\/wp-json\/wp\/v2\/comments?post=2103"}],"version-history":[{"count":1,"href":"https:\/\/verimin.com.tr\/blog\/wp-json\/wp\/v2\/posts\/2103\/revisions"}],"predecessor-version":[{"id":2107,"href":"https:\/\/verimin.com.tr\/blog\/wp-json\/wp\/v2\/posts\/2103\/revisions\/2107"}],"wp:featuredmedia":[{"embeddable":true,"href":"https:\/\/verimin.com.tr\/blog\/wp-json\/wp\/v2\/media\/2091"}],"wp:attachment":[{"href":"https:\/\/verimin.com.tr\/blog\/wp-json\/wp\/v2\/media?parent=2103"}],"wp:term":[{"taxonomy":"category","embeddable":true,"href":"https:\/\/verimin.com.tr\/blog\/wp-json\/wp\/v2\/categories?post=2103"},{"taxonomy":"post_tag","embeddable":true,"href":"https:\/\/verimin.com.tr\/blog\/wp-json\/wp\/v2\/tags?post=2103"}],"curies":[{"name":"wp","href":"https:\/\/api.w.org\/{rel}","templated":true}]}}