{"id":2101,"date":"2026-08-19T16:32:44","date_gmt":"2026-08-19T13:32:44","guid":{"rendered":"https:\/\/verimin.com.tr\/blog\/?p=2101"},"modified":"2026-08-19T16:32:44","modified_gmt":"2026-08-19T13:32:44","slug":"windows-sunucu-kiralama","status":"publish","type":"post","link":"https:\/\/verimin.com.tr\/blog\/windows-sunucu-kiralama\/","title":{"rendered":"Windows Sunucu Kiralama"},"content":{"rendered":"\r\n<p class=\"wp-block-paragraph\">Windows sunucu kiralama, Windows Server i\u015fletim sistemi kurulu bir sanal sunucunun ayl\u0131k \u00fccretle kullan\u0131ma al\u0131nmas\u0131d\u0131r. Kiralanan Windows sunucuya uzak masa\u00fcst\u00fc (RDP) \u00fczerinden ba\u011flan\u0131l\u0131r, y\u00f6netim komut sat\u0131r\u0131 yerine grafik aray\u00fczden yap\u0131l\u0131r ve Windows Server lisans\u0131 ayl\u0131k bedelin i\u00e7inde yer al\u0131r. Verimin olarak Windows sunucular\u0131 T\u00fcrkiye ve yurt d\u0131\u015f\u0131 lokasyonlar\u0131nda, NVMe diskli sanalla\u015ft\u0131rma altyap\u0131s\u0131 \u00fczerinde kuruyoruz.<\/p>\r\n\r\n\r\n\r\n<p class=\"wp-block-paragraph\">Windows sunucu kiralama ba\u015fl\u0131\u011f\u0131 alt\u0131nda s\u0131ras\u0131yla hizmetin tan\u0131m\u0131n\u0131, RDP ile ba\u011flant\u0131 ad\u0131mlar\u0131n\u0131, kurulabilen Windows Server s\u00fcr\u00fcmlerini, lisans\u0131n kiralama bedeline dahil olup olmad\u0131\u011f\u0131n\u0131, sunucunun hangi kaynaklarla kiraland\u0131\u011f\u0131n\u0131, Windows sunucunun Linux sunucudan ne kadar fazla kaynak t\u00fcketti\u011fini, hangi projelerde tercih edildi\u011fini ve fiyat\u0131 belirleyen kalemleri a\u00e7\u0131kl\u0131yoruz.<\/p>\r\n\r\n\r\n\r\n<div id=\"ez-toc-container\" class=\"ez-toc-v2_0_73 ez-toc-wrap-left counter-flat ez-toc-counter ez-toc-white ez-toc-container-direction\">\n<div class=\"ez-toc-title-container\">\n<div class=\"ez-toc-title\" style=\"cursor:inherit\">\u0130\u00e7erik Ba\u015fl\u0131klar\u0131:<\/div>\n<span class=\"ez-toc-title-toggle\"><a href=\"#\" class=\"ez-toc-pull-right ez-toc-btn ez-toc-btn-xs ez-toc-btn-default ez-toc-toggle\" aria-label=\"Toggle Table of Content\"><span class=\"ez-toc-js-icon-con\"><span class=\"\"><span class=\"eztoc-hide\" style=\"display:none;\">Toggle<\/span><span class=\"ez-toc-icon-toggle-span\"><svg style=\"fill: #999;color:#999\" xmlns=\"http:\/\/www.w3.org\/2000\/svg\" class=\"list-377408\" width=\"20px\" height=\"20px\" viewBox=\"0 0 24 24\" fill=\"none\"><path d=\"M6 6H4v2h2V6zm14 0H8v2h12V6zM4 11h2v2H4v-2zm16 0H8v2h12v-2zM4 16h2v2H4v-2zm16 0H8v2h12v-2z\" fill=\"currentColor\"><\/path><\/svg><svg style=\"fill: #999;color:#999\" class=\"arrow-unsorted-368013\" xmlns=\"http:\/\/www.w3.org\/2000\/svg\" width=\"10px\" height=\"10px\" viewBox=\"0 0 24 24\" version=\"1.2\" baseProfile=\"tiny\"><path d=\"M18.2 9.3l-6.2-6.3-6.2 6.3c-.2.2-.3.4-.3.7s.1.5.3.7c.2.2.4.3.7.3h11c.3 0 .5-.1.7-.3.2-.2.3-.5.3-.7s-.1-.5-.3-.7zM5.8 14.7l6.2 6.3 6.2-6.3c.2-.2.3-.5.3-.7s-.1-.5-.3-.7c-.2-.2-.4-.3-.7-.3h-11c-.3 0-.5.1-.7.3-.2.2-.3.5-.3.7s.1.5.3.7z\"\/><\/svg><\/span><\/span><\/span><\/a><\/span><\/div>\n<nav><ul class='ez-toc-list ez-toc-list-level-1 ' ><li class='ez-toc-page-1'><a class=\"ez-toc-link ez-toc-heading-1\" href=\"https:\/\/verimin.com.tr\/blog\/windows-sunucu-kiralama\/#Windows_Sunucu_Kiralama_Nedir\" title=\"Windows Sunucu Kiralama Nedir?\">Windows Sunucu Kiralama Nedir?<\/a><\/li><li class='ez-toc-page-1'><a class=\"ez-toc-link ez-toc-heading-2\" href=\"https:\/\/verimin.com.tr\/blog\/windows-sunucu-kiralama\/#Windows_Sunucuya_Nasil_Baglanilir\" title=\"Windows Sunucuya Nas\u0131l Ba\u011flan\u0131l\u0131r?\">Windows Sunucuya Nas\u0131l Ba\u011flan\u0131l\u0131r?<\/a><\/li><li class='ez-toc-page-1'><a class=\"ez-toc-link ez-toc-heading-3\" href=\"https:\/\/verimin.com.tr\/blog\/windows-sunucu-kiralama\/#Kac_Kullanici_Ayni_Anda_Baglanabilir\" title=\"Ka\u00e7 Kullan\u0131c\u0131 Ayn\u0131 Anda Ba\u011flanabilir?\">Ka\u00e7 Kullan\u0131c\u0131 Ayn\u0131 Anda Ba\u011flanabilir?<\/a><\/li><li class='ez-toc-page-1'><a class=\"ez-toc-link ez-toc-heading-4\" href=\"https:\/\/verimin.com.tr\/blog\/windows-sunucu-kiralama\/#Uzak_Masaustu_Baglantisi_Guvenli_Hale_Nasil_Getirilir\" title=\"Uzak Masa\u00fcst\u00fc Ba\u011flant\u0131s\u0131 G\u00fcvenli Hale Nas\u0131l Getirilir?\">Uzak Masa\u00fcst\u00fc Ba\u011flant\u0131s\u0131 G\u00fcvenli Hale Nas\u0131l Getirilir?<\/a><\/li><li class='ez-toc-page-1'><a class=\"ez-toc-link ez-toc-heading-5\" href=\"https:\/\/verimin.com.tr\/blog\/windows-sunucu-kiralama\/#Hangi_Windows_Server_Surumleri_Kurulabilir\" title=\"Hangi Windows Server S\u00fcr\u00fcmleri Kurulabilir?\">Hangi Windows Server S\u00fcr\u00fcmleri Kurulabilir?<\/a><\/li><li class='ez-toc-page-1'><a class=\"ez-toc-link ez-toc-heading-6\" href=\"https:\/\/verimin.com.tr\/blog\/windows-sunucu-kiralama\/#Windows_Server_Lisansi_Kiralamaya_Dahil_mi\" title=\"Windows Server Lisans\u0131 Kiralamaya Dahil mi?\">Windows Server Lisans\u0131 Kiralamaya Dahil mi?<\/a><\/li><li class='ez-toc-page-1'><a class=\"ez-toc-link ez-toc-heading-7\" href=\"https:\/\/verimin.com.tr\/blog\/windows-sunucu-kiralama\/#Windows_Sunucu_Hangi_Kaynaklarla_Kiralanir\" title=\"Windows Sunucu Hangi Kaynaklarla Kiralan\u0131r?\">Windows Sunucu Hangi Kaynaklarla Kiralan\u0131r?<\/a><\/li><li class='ez-toc-page-1'><a class=\"ez-toc-link ez-toc-heading-8\" href=\"https:\/\/verimin.com.tr\/blog\/windows-sunucu-kiralama\/#Islemci_Cekirdegi_Nasil_Secilir\" title=\"\u0130\u015flemci \u00c7ekirde\u011fi Nas\u0131l Se\u00e7ilir?\">\u0130\u015flemci \u00c7ekirde\u011fi Nas\u0131l Se\u00e7ilir?<\/a><\/li><li class='ez-toc-page-1'><a class=\"ez-toc-link ez-toc-heading-9\" href=\"https:\/\/verimin.com.tr\/blog\/windows-sunucu-kiralama\/#Disk_Kapasitesi_Ne_Olmali\" title=\"Disk Kapasitesi Ne Olmal\u0131?\">Disk Kapasitesi Ne Olmal\u0131?<\/a><\/li><li class='ez-toc-page-1'><a class=\"ez-toc-link ez-toc-heading-10\" href=\"https:\/\/verimin.com.tr\/blog\/windows-sunucu-kiralama\/#Windows_Sunucuda_Hangi_Panel_Kullanilir\" title=\"Windows Sunucuda Hangi Panel Kullan\u0131l\u0131r?\">Windows Sunucuda Hangi Panel Kullan\u0131l\u0131r?<\/a><\/li><li class='ez-toc-page-1'><a class=\"ez-toc-link ez-toc-heading-11\" href=\"https:\/\/verimin.com.tr\/blog\/windows-sunucu-kiralama\/#Windows_Sunucu_Linux_Sunucudan_Ne_Kadar_Fazla_Kaynak_Tuketir\" title=\"Windows Sunucu Linux Sunucudan Ne Kadar Fazla Kaynak T\u00fcketir?\">Windows Sunucu Linux Sunucudan Ne Kadar Fazla Kaynak T\u00fcketir?<\/a><\/li><li class='ez-toc-page-1'><a class=\"ez-toc-link ez-toc-heading-12\" href=\"https:\/\/verimin.com.tr\/blog\/windows-sunucu-kiralama\/#Windows_Sunucu_Hangi_Projelerde_Tercih_Edilir\" title=\"Windows Sunucu Hangi Projelerde Tercih Edilir?\">Windows Sunucu Hangi Projelerde Tercih Edilir?<\/a><\/li><li class='ez-toc-page-1'><a class=\"ez-toc-link ez-toc-heading-13\" href=\"https:\/\/verimin.com.tr\/blog\/windows-sunucu-kiralama\/#Windows_Sunucu_Kiralama_Fiyatlari_Neye_Gore_Degisir\" title=\"Windows Sunucu Kiralama Fiyatlar\u0131 Neye G\u00f6re De\u011fi\u015fir?\">Windows Sunucu Kiralama Fiyatlar\u0131 Neye G\u00f6re De\u011fi\u015fir?<\/a><\/li><li class='ez-toc-page-1'><a class=\"ez-toc-link ez-toc-heading-14\" href=\"https:\/\/verimin.com.tr\/blog\/windows-sunucu-kiralama\/#Windows_Sunucu_Kiralamak_mi_Satin_Almak_mi_Daha_Avantajli\" title=\"Windows Sunucu Kiralamak m\u0131 Sat\u0131n Almak m\u0131 Daha Avantajl\u0131?\">Windows Sunucu Kiralamak m\u0131 Sat\u0131n Almak m\u0131 Daha Avantajl\u0131?<\/a><\/li><li class='ez-toc-page-1'><a class=\"ez-toc-link ez-toc-heading-15\" href=\"https:\/\/verimin.com.tr\/blog\/windows-sunucu-kiralama\/#Windows_Sunucu_Hangi_Lokasyonlarda_Kiralanir\" title=\"Windows Sunucu Hangi Lokasyonlarda Kiralan\u0131r?\">Windows Sunucu Hangi Lokasyonlarda Kiralan\u0131r?<\/a><\/li><li class='ez-toc-page-1'><a class=\"ez-toc-link ez-toc-heading-16\" href=\"https:\/\/verimin.com.tr\/blog\/windows-sunucu-kiralama\/#Ucretsiz_Windows_Sunucu_Var_mi\" title=\"\u00dccretsiz Windows Sunucu Var m\u0131?\">\u00dccretsiz Windows Sunucu Var m\u0131?<\/a><\/li><li class='ez-toc-page-1'><a class=\"ez-toc-link ez-toc-heading-17\" href=\"https:\/\/verimin.com.tr\/blog\/windows-sunucu-kiralama\/#Windows_Sunucuda_Isletim_Sistemi_Sonradan_Degistirilir_mi\" title=\"Windows Sunucuda \u0130\u015fletim Sistemi Sonradan De\u011fi\u015ftirilir mi?\">Windows Sunucuda \u0130\u015fletim Sistemi Sonradan De\u011fi\u015ftirilir mi?<\/a><\/li><li class='ez-toc-page-1'><a class=\"ez-toc-link ez-toc-heading-18\" href=\"https:\/\/verimin.com.tr\/blog\/windows-sunucu-kiralama\/#Windows_Sunucuya_Yedekleme_Kurulur_mu\" title=\"Windows Sunucuya Yedekleme Kurulur mu?\">Windows Sunucuya Yedekleme Kurulur mu?<\/a><\/li><li class='ez-toc-page-1'><a class=\"ez-toc-link ez-toc-heading-19\" href=\"https:\/\/verimin.com.tr\/blog\/windows-sunucu-kiralama\/#Windows_Sunucu_Kiralama_Islemi_Ne_Kadar_Surede_Tamamlanir\" title=\"Windows Sunucu Kiralama \u0130\u015flemi Ne Kadar S\u00fcrede Tamamlan\u0131r?\">Windows Sunucu Kiralama \u0130\u015flemi Ne Kadar S\u00fcrede Tamamlan\u0131r?<\/a><\/li><\/ul><\/nav><\/div>\n<h2 class=\"wp-block-heading\"><span class=\"ez-toc-section\" id=\"Windows_Sunucu_Kiralama_Nedir\"><\/span>Windows Sunucu Kiralama Nedir?<span class=\"ez-toc-section-end\"><\/span><\/h2>\r\n\r\n\r\n\r\n<p class=\"wp-block-paragraph\"><strong>Windows sunucu kiralama, Windows Server i\u015fletim sistemi kurulu bir sanal sunucunun ayl\u0131k \u00fccretle kullan\u0131ma al\u0131nmas\u0131d\u0131r.<\/strong> Donan\u0131m sa\u011flay\u0131c\u0131n\u0131n veri merkezinde kal\u0131r; kiralayan taraf yaln\u0131zca i\u015fletim sistemi ve uygulama katman\u0131n\u0131 y\u00f6netir. Sunucunun elektrik, so\u011futma, a\u011f ve donan\u0131m bak\u0131m\u0131 sa\u011flay\u0131c\u0131n\u0131n sorumlulu\u011fundad\u0131r.<\/p>\r\n\r\n\r\n\r\n<p class=\"wp-block-paragraph\">Windows sunucu kiralaman\u0131n teknik kar\u015f\u0131l\u0131\u011f\u0131 Windows VDS&#8217;tir, yani sanalla\u015ft\u0131rma katman\u0131nda ayr\u0131lm\u0131\u015f vCPU, RAM ve disk kaynaklar\u0131n\u0131n tek bir m\u00fc\u015fteriye tahsis edilmesidir. Sanalla\u015ft\u0131rma taraf\u0131n\u0131n teknik ayr\u0131nt\u0131lar\u0131n\u0131 <a href=\"https:\/\/verimin.com.tr\/blog\/windows-vds\">Windows VDS<\/a> yaz\u0131s\u0131nda ele ald\u0131k.<\/p>\r\n\r\n\r\n\r\n<h2 class=\"wp-block-heading\"><span class=\"ez-toc-section\" id=\"Windows_Sunucuya_Nasil_Baglanilir\"><\/span>Windows Sunucuya Nas\u0131l Ba\u011flan\u0131l\u0131r?<span class=\"ez-toc-section-end\"><\/span><\/h2>\r\n\r\n\r\n\r\n<figure class=\"wp-block-image size-large\"><img loading=\"lazy\" decoding=\"async\" width=\"1672\" height=\"941\" src=\"https:\/\/verimin.com.tr\/blog\/wp-content\/uploads\/2026\/08\/windows-sunucu-kiralama-2.avif\" alt=\"Windows sunucuya RDP ile nas\u0131l ba\u011flan\u0131l\u0131r\" class=\"wp-image-2086\" srcset=\"https:\/\/verimin.com.tr\/blog\/wp-content\/uploads\/2026\/08\/windows-sunucu-kiralama-2.avif 1672w, https:\/\/verimin.com.tr\/blog\/wp-content\/uploads\/2026\/08\/windows-sunucu-kiralama-2-300x169.avif 300w, https:\/\/verimin.com.tr\/blog\/wp-content\/uploads\/2026\/08\/windows-sunucu-kiralama-2-1024x576.avif 1024w, https:\/\/verimin.com.tr\/blog\/wp-content\/uploads\/2026\/08\/windows-sunucu-kiralama-2-768x432.avif 768w, https:\/\/verimin.com.tr\/blog\/wp-content\/uploads\/2026\/08\/windows-sunucu-kiralama-2-1536x864.avif 1536w, https:\/\/verimin.com.tr\/blog\/wp-content\/uploads\/2026\/08\/windows-sunucu-kiralama-2-195x110.avif 195w, https:\/\/verimin.com.tr\/blog\/wp-content\/uploads\/2026\/08\/windows-sunucu-kiralama-2-390x220.avif 390w, https:\/\/verimin.com.tr\/blog\/wp-content\/uploads\/2026\/08\/windows-sunucu-kiralama-2-1170x658.avif 1170w\" sizes=\"auto, (max-width: 1672px) 100vw, 1672px\" \/><\/figure>\r\n\r\n\r\n\r\n<p class=\"wp-block-paragraph\">Windows sunucuya, Windows&#8217;un yerle\u015fik Uzak Masa\u00fcst\u00fc Ba\u011flant\u0131s\u0131 uygulamas\u0131yla RDP protokol\u00fc \u00fczerinden ba\u011flan\u0131l\u0131r. Windows sunucu kiralama i\u015fleminden sonra teslim edilen IP adresi, kullan\u0131c\u0131 ad\u0131 ve parola ile ba\u011flant\u0131 be\u015f ad\u0131mda tamamlan\u0131r:<\/p>\r\n\r\n\r\n\r\n<ol class=\"wp-block-list\">\r\n\r\n<li>Uzak Masa\u00fcst\u00fc Ba\u011flant\u0131s\u0131 uygulamas\u0131n\u0131 a\u00e7\u0131n (Ba\u015flat men\u00fcs\u00fcne <code>mstsc<\/code> yaz\u0131n).<\/li>\r\n\r\n\r\n<li>Sunucu IP adresini bilgisayar alan\u0131na girin, standart yap\u0131land\u0131rmada ba\u011flant\u0131 noktas\u0131 3389&#8217;dur.<\/li>\r\n\r\n\r\n<li>Y\u00f6netici kullan\u0131c\u0131 ad\u0131n\u0131 yaz\u0131n, Windows Server kurulumunda varsay\u0131lan hesap ad\u0131 Administrator&#8217;d\u0131r.<\/li>\r\n\r\n\r\n<li>Teslim bilgilerindeki parolay\u0131 girin.<\/li>\r\n\r\n\r\n<li>Sertifika uyar\u0131s\u0131n\u0131 onaylay\u0131n ve masa\u00fcst\u00fcn\u00fcn y\u00fcklenmesini bekleyin.<\/li>\r\n\r\n<\/ol>\r\n\r\n\r\n\r\n<p class=\"wp-block-paragraph\">Ba\u011flant\u0131 ortalama 5 saniye i\u00e7inde kurulur ve sunucunun masa\u00fcst\u00fc kendi bilgisayar\u0131n\u0131z\u0131n ekran\u0131nda a\u00e7\u0131l\u0131r. Protokol\u00fcn \u00e7al\u0131\u015fma mant\u0131\u011f\u0131n\u0131 <a href=\"https:\/\/verimin.com.tr\/blog\/rdp-nedir\">RDP<\/a> yaz\u0131s\u0131nda anlatt\u0131k.<\/p>\r\n\r\n\r\n\r\n<h3 class=\"wp-block-heading\"><span class=\"ez-toc-section\" id=\"Kac_Kullanici_Ayni_Anda_Baglanabilir\"><\/span>Ka\u00e7 Kullan\u0131c\u0131 Ayn\u0131 Anda Ba\u011flanabilir?<span class=\"ez-toc-section-end\"><\/span><\/h3>\r\n\r\n\r\n\r\n<p class=\"wp-block-paragraph\"><strong>Windows Server, ek lisans olmadan y\u00f6netim ama\u00e7l\u0131 2 e\u015fzamanl\u0131 uzak masa\u00fcst\u00fc oturumuna izin verir.<\/strong> \u0130kiden fazla kullan\u0131c\u0131n\u0131n ayn\u0131 anda \u00e7al\u0131\u015fmas\u0131 i\u00e7in Uzak Masa\u00fcst\u00fc Hizmetleri rol\u00fcn\u00fcn kurulmas\u0131 ve kullan\u0131c\u0131 ba\u015f\u0131na RDS CAL lisans\u0131 al\u0131nmas\u0131 gerekir. RDS CAL lisans\u0131 kullan\u0131c\u0131 ba\u015f\u0131na veya cihaz ba\u015f\u0131na sat\u0131l\u0131r ve Windows Server lisans\u0131ndan ayr\u0131 bir kalemdir.<\/p>\r\n\r\n\r\n\r\n<h3 class=\"wp-block-heading\"><span class=\"ez-toc-section\" id=\"Uzak_Masaustu_Baglantisi_Guvenli_Hale_Nasil_Getirilir\"><\/span>Uzak Masa\u00fcst\u00fc Ba\u011flant\u0131s\u0131 G\u00fcvenli Hale Nas\u0131l Getirilir?<span class=\"ez-toc-section-end\"><\/span><\/h3>\r\n\r\n\r\n\r\n<p class=\"wp-block-paragraph\">Uzak masa\u00fcst\u00fc ba\u011flant\u0131s\u0131, sunucuyu internete a\u00e7an tek nokta oldu\u011fu i\u00e7in be\u015f ayarla sertle\u015ftirilir. Windows sunucu kurulumlar\u0131nda uygulad\u0131\u011f\u0131m\u0131z g\u00fcvenlik ad\u0131mlar\u0131 \u015funlard\u0131r:<\/p>\r\n\r\n\r\n\r\n<ul class=\"wp-block-list\">\r\n\r\n<li><strong>Ba\u011flant\u0131 noktas\u0131n\u0131 de\u011fi\u015ftirin.<\/strong> Varsay\u0131lan 3389 numaral\u0131 ba\u011flant\u0131 noktas\u0131 otomatik tarama botlar\u0131n\u0131n ilk denedi\u011fi hedeftir; farkl\u0131 bir numara kaba kuvvet denemelerini belirgin bi\u00e7imde azalt\u0131r.<\/li>\r\n\r\n\r\n<li><strong>IP k\u0131s\u0131t\u0131 uygulay\u0131n.<\/strong> Uzak masa\u00fcst\u00fc eri\u015fimini yaln\u0131zca ofis veya VPN IP adreslerine a\u00e7mak, d\u0131\u015far\u0131dan gelen t\u00fcm ba\u011flant\u0131 denemelerini kapat\u0131r.<\/li>\r\n\r\n\r\n<li><strong>G\u00fc\u00e7l\u00fc parola zorunlu k\u0131l\u0131n.<\/strong> Grup ilkesinden en az 12 karakter, b\u00fcy\u00fck harf, rakam ve \u00f6zel karakter \u015fart\u0131 tan\u0131mlan\u0131r.<\/li>\r\n\r\n\r\n<li><strong>A\u011f d\u00fczeyinde kimlik do\u011frulamay\u0131 a\u00e7\u0131n.<\/strong> A\u011f D\u00fczeyinde Kimlik Do\u011frulama (NLA), oturum a\u00e7\u0131lmadan \u00f6nce kimlik kontrol\u00fc yaparak sunucu kayna\u011f\u0131n\u0131n bo\u015fa harcanmas\u0131n\u0131 engeller.<\/li>\r\n\r\n\r\n<li><strong>Oturum zaman a\u015f\u0131m\u0131 tan\u0131mlay\u0131n.<\/strong> Bo\u015fta kalan oturumlar\u0131n 15 dakika sonra kapat\u0131lmas\u0131, a\u00e7\u0131k b\u0131rak\u0131lm\u0131\u015f oturumlar\u0131n ele ge\u00e7irilmesini \u00f6nler.<\/li>\r\n\r\n<\/ul>\r\n\r\n\r\n\r\n<p class=\"wp-block-paragraph\">Be\u015f ad\u0131m\u0131n tamam\u0131 sunucu d\u00fczeyinde uygulan\u0131r ve a\u011f katman\u0131ndaki filtreleme ile birlikte \u00e7al\u0131\u015f\u0131r. A\u011f taraf\u0131ndaki kural setini <a href=\"https:\/\/verimin.com.tr\/blog\/firewall-nedir\">firewall<\/a> yaz\u0131s\u0131nda a\u00e7\u0131klad\u0131k.<\/p>\r\n\r\n\r\n\r\n<h2 class=\"wp-block-heading\"><span class=\"ez-toc-section\" id=\"Hangi_Windows_Server_Surumleri_Kurulabilir\"><\/span>Hangi Windows Server S\u00fcr\u00fcmleri Kurulabilir?<span class=\"ez-toc-section-end\"><\/span><\/h2>\r\n\r\n\r\n\r\n<p class=\"wp-block-paragraph\">Windows sunucu kiralama s\u0131ras\u0131nda d\u00f6rt Windows Server s\u00fcr\u00fcm\u00fcnden biri se\u00e7ilir. S\u00fcr\u00fcm se\u00e7imi kurulum a\u015famas\u0131nda yap\u0131l\u0131r ve talep edilen s\u00fcr\u00fcm\u00fc kuruyoruz. S\u00fcr\u00fcmlerin destek takvimi ve \u00f6ne \u00e7\u0131kan \u00f6zellikleri a\u015fa\u011f\u0131daki tabloda yer al\u0131r.<\/p>\r\n\r\n\r\n\r\n<figure class=\"wp-block-table\"><table>\r\n<thead><tr><th>S\u00fcr\u00fcm<\/th><th>Geni\u015fletilmi\u015f destek biti\u015fi<\/th><th>\u00d6ne \u00e7\u0131kan \u00f6zellik<\/th><\/tr><\/thead>\r\n<tbody>\r\n<tr><td>Windows Server 2016<\/td><td>2027<\/td><td>Konteyner deste\u011fini getiren ilk s\u00fcr\u00fcm<\/td><\/tr>\r\n<tr><td>Windows Server 2019<\/td><td>2029<\/td><td>Windows Admin Center ile taray\u0131c\u0131 \u00fczerinden y\u00f6netim<\/td><\/tr>\r\n<tr><td>Windows Server 2022<\/td><td>2031<\/td><td>Secured-core sunucu ve TLS 1.3 deste\u011fi<\/td><\/tr>\r\n<tr><td>Windows Server 2025<\/td><td>2034<\/td><td>Yeniden ba\u015flatma gerektirmeyen hotpatching g\u00fcncellemeleri<\/td><\/tr>\r\n<\/tbody>\r\n<\/table><\/figure>\r\n\r\n\r\n\r\n<p class=\"wp-block-paragraph\">Destek biti\u015f y\u0131l\u0131, Microsoft&#8217;un g\u00fcvenlik g\u00fcncellemesi yay\u0131nlamay\u0131 b\u0131rakt\u0131\u011f\u0131 tarihtir; yeni kurulan projelerde Windows Server 2022 ve 2025 s\u00fcr\u00fcmlerini \u00f6neriyoruz. S\u00fcr\u00fcm se\u00e7ildikten sonra s\u0131radaki soru lisans\u0131n kime ait oldu\u011fudur.<\/p>\r\n\r\n\r\n\r\n<h2 class=\"wp-block-heading\"><span class=\"ez-toc-section\" id=\"Windows_Server_Lisansi_Kiralamaya_Dahil_mi\"><\/span>Windows Server Lisans\u0131 Kiralamaya Dahil mi?<span class=\"ez-toc-section-end\"><\/span><\/h2>\r\n\r\n\r\n\r\n<p class=\"wp-block-paragraph\"><strong>Evet, Windows sunucu paketlerinde Windows Server i\u015fletim sistemi lisans\u0131 ayl\u0131k kiralama bedeline dahildir.<\/strong> Ayr\u0131ca bir lisans sat\u0131n al\u0131nmas\u0131 gerekmez, lisans do\u011frulamas\u0131 kurulum s\u0131ras\u0131nda taraf\u0131m\u0131zdan tamamlan\u0131r. Windows Server lisans\u0131n\u0131n ayl\u0131k bedele dahil edilmesi, Windows sunucu kiralamay\u0131 sunucu sat\u0131n alma y\u00f6nteminden ay\u0131ran temel farkt\u0131r.<\/p>\r\n\r\n\r\n\r\n<p class=\"wp-block-paragraph\">Ayl\u0131k bedelin d\u0131\u015f\u0131nda kalan iki lisans kalemi vard\u0131r: ikiden fazla e\u015fzamanl\u0131 uzak masa\u00fcst\u00fc oturumu i\u00e7in RDS CAL ve \u00fccretli s\u00fcr\u00fcm veritaban\u0131 i\u00e7in MSSQL Server lisans\u0131 ayr\u0131ca \u00fccretlendirilir. Ek yaz\u0131l\u0131m lisanslar\u0131n\u0131 <a href=\"https:\/\/verimin.com.tr\/lisans-hizmeti\">lisans hizmeti<\/a> sayfas\u0131ndan temin ediyoruz.<\/p>\r\n\r\n\r\n\r\n<h2 class=\"wp-block-heading\"><span class=\"ez-toc-section\" id=\"Windows_Sunucu_Hangi_Kaynaklarla_Kiralanir\"><\/span>Windows Sunucu Hangi Kaynaklarla Kiralan\u0131r?<span class=\"ez-toc-section-end\"><\/span><\/h2>\r\n\r\n\r\n\r\n<p class=\"wp-block-paragraph\">Windows sunucu vCPU, RAM, NVMe disk, ayl\u0131k trafik ve IP adresi olmak \u00fczere be\u015f kaynak kalemiyle kiralan\u0131r. Windows Server, \u00fczerinde hi\u00e7bir uygulama \u00e7al\u0131\u015fmazken bile 1,5 ile 2 GB aras\u0131nda RAM t\u00fcketir; grafik aray\u00fcz ve arka plan servisleri s\u00fcrekli a\u00e7\u0131k kald\u0131\u011f\u0131 i\u00e7in minimum 4 GB RAM \u00f6neriyoruz. Kaynaklar\u0131n alt s\u0131n\u0131r\u0131 ve \u00f6nerilen de\u011ferleri a\u015fa\u011f\u0131daki tabloda kar\u015f\u0131la\u015ft\u0131r\u0131lm\u0131\u015ft\u0131r.<\/p>\r\n\r\n\r\n\r\n<figure class=\"wp-block-table\"><table>\r\n<thead><tr><th>Kaynak<\/th><th>Minimum<\/th><th>\u00d6nerilen<\/th><\/tr><\/thead>\r\n<tbody>\r\n<tr><td>vCPU<\/td><td>2 \u00e7ekirdek<\/td><td>4 \u00e7ekirdek<\/td><\/tr>\r\n<tr><td>RAM<\/td><td>4 GB<\/td><td>8 GB<\/td><\/tr>\r\n<tr><td>NVMe disk<\/td><td>60 GB<\/td><td>120 GB<\/td><\/tr>\r\n<tr><td>Ayl\u0131k trafik<\/td><td>1 TB<\/td><td>5 TB<\/td><\/tr>\r\n<tr><td>IP adresi<\/td><td>1 adet IPv4<\/td><td>2 adet IPv4<\/td><\/tr>\r\n<\/tbody>\r\n<\/table><\/figure>\r\n\r\n\r\n\r\n<p class=\"wp-block-paragraph\">Minimum de\u011ferler tek kullan\u0131c\u0131l\u0131 y\u00f6netim senaryosu i\u00e7in yeterlidir; \u00e7ok kullan\u0131c\u0131l\u0131 uzak masa\u00fcst\u00fc ortamlar\u0131nda ve veritaban\u0131 bar\u0131nd\u0131ran kurulumlarda \u00f6nerilen de\u011ferleri esas al\u0131yoruz. Yap\u0131land\u0131rma se\u00e7eneklerinin tamam\u0131n\u0131 <a href=\"https:\/\/verimin.com.tr\/sanal-sunucu\">sanal sunucu<\/a> sayfas\u0131nda listeliyoruz.<\/p>\r\n\r\n\r\n\r\n<h3 class=\"wp-block-heading\"><span class=\"ez-toc-section\" id=\"Islemci_Cekirdegi_Nasil_Secilir\"><\/span>\u0130\u015flemci \u00c7ekirde\u011fi Nas\u0131l Se\u00e7ilir?<span class=\"ez-toc-section-end\"><\/span><\/h3>\r\n\r\n\r\n\r\n<p class=\"wp-block-paragraph\">\u0130\u015flemci \u00e7ekirde\u011fi say\u0131s\u0131, sunucuya ayn\u0131 anda ba\u011flanan kullan\u0131c\u0131 say\u0131s\u0131na g\u00f6re se\u00e7ilir. Tek kullan\u0131c\u0131l\u0131 y\u00f6netim ve web uygulamas\u0131 senaryosunda 2 vCPU yeterlidir; 5 ile 15 aras\u0131nda e\u015fzamanl\u0131 uzak masa\u00fcst\u00fc kullan\u0131c\u0131s\u0131 bulunan ortamlarda 4 vCPU, 15 kullan\u0131c\u0131n\u0131n \u00fczerinde ise 8 vCPU gerekir. MSSQL veritaban\u0131 \u00e7al\u0131\u015ft\u0131ran Windows sunucularda \u00e7ekirdek say\u0131s\u0131 sorgu e\u015fzamanl\u0131l\u0131\u011f\u0131n\u0131 do\u011frudan belirledi\u011fi i\u00e7in alt s\u0131n\u0131r\u0131 4 vCPU olarak tutuyoruz. \u00c7ekirdek hesab\u0131n\u0131n ayr\u0131nt\u0131s\u0131n\u0131 <a href=\"https:\/\/verimin.com.tr\/blog\/cpu-cekirdegi-secimi\">CPU \u00e7ekirde\u011fi se\u00e7imi<\/a> yaz\u0131s\u0131nda anlatt\u0131k.<\/p>\r\n\r\n\r\n\r\n<h3 class=\"wp-block-heading\"><span class=\"ez-toc-section\" id=\"Disk_Kapasitesi_Ne_Olmali\"><\/span>Disk Kapasitesi Ne Olmal\u0131?<span class=\"ez-toc-section-end\"><\/span><\/h3>\r\n\r\n\r\n\r\n<p class=\"wp-block-paragraph\">Windows Server kurulumu tek ba\u015f\u0131na yakla\u015f\u0131k 40 GB disk alan\u0131 kaplar. Kurulumun \u00fczerine gelen g\u00fcncelleme dosyalar\u0131, sayfa dosyas\u0131 (pagefile) ve geri y\u00fckleme noktalar\u0131 15 ile 20 GB aras\u0131nda ek alan t\u00fcketti\u011fi i\u00e7in Windows sunucularda disk kapasitesinin alt s\u0131n\u0131r\u0131n\u0131 60 GB olarak belirliyoruz. Veritaban\u0131, dosya sunucusu ve muhasebe yaz\u0131l\u0131m\u0131 bar\u0131nd\u0131ran kurulumlarda 120 GB ve \u00fczeri NVMe disk kullan\u0131yoruz. Kapasite hesab\u0131n\u0131n y\u00f6ntemini <a href=\"https:\/\/verimin.com.tr\/blog\/disk-kapasitesi-secimi\">disk kapasitesi se\u00e7imi<\/a> yaz\u0131s\u0131nda payla\u015ft\u0131k.<\/p>\r\n\r\n\r\n\r\n<h3 class=\"wp-block-heading\"><span class=\"ez-toc-section\" id=\"Windows_Sunucuda_Hangi_Panel_Kullanilir\"><\/span>Windows Sunucuda Hangi Panel Kullan\u0131l\u0131r?<span class=\"ez-toc-section-end\"><\/span><\/h3>\r\n\r\n\r\n\r\n<p class=\"wp-block-paragraph\">Windows sunucuda yayg\u0131n olarak kullan\u0131lan tek kontrol paneli Plesk&#8217;tir. cPanel yaln\u0131zca Linux i\u015fletim sistemlerinde \u00e7al\u0131\u015f\u0131r ve Windows Server deste\u011fi bulunmaz; bar\u0131nd\u0131rma hesaplar\u0131n\u0131, alan adlar\u0131n\u0131 ve e-posta kutular\u0131n\u0131 aray\u00fczden y\u00f6netmek isteyen Windows sunucu kullan\u0131c\u0131lar\u0131 Plesk kurulumunu tercih eder. Plesk lisans\u0131n\u0131 Windows sunucu sipari\u015fine ekliyoruz. Panelin \u00f6zellik listesini <a href=\"https:\/\/verimin.com.tr\/blog\/plesk-vds\">Plesk VDS<\/a> yaz\u0131s\u0131nda inceleyebilirsiniz.<\/p>\r\n\r\n\r\n\r\n<h2 class=\"wp-block-heading\"><span class=\"ez-toc-section\" id=\"Windows_Sunucu_Linux_Sunucudan_Ne_Kadar_Fazla_Kaynak_Tuketir\"><\/span>Windows Sunucu Linux Sunucudan Ne Kadar Fazla Kaynak T\u00fcketir?<span class=\"ez-toc-section-end\"><\/span><\/h2>\r\n\r\n\r\n\r\n<figure class=\"wp-block-image size-large\"><img loading=\"lazy\" decoding=\"async\" width=\"1672\" height=\"941\" src=\"https:\/\/verimin.com.tr\/blog\/wp-content\/uploads\/2026\/08\/windows-sunucu-kiralama-3.avif\" alt=\"Windows sunucu ve Linux sunucu kaynak t\u00fcketimi kar\u015f\u0131la\u015ft\u0131rmas\u0131\" class=\"wp-image-2087\" srcset=\"https:\/\/verimin.com.tr\/blog\/wp-content\/uploads\/2026\/08\/windows-sunucu-kiralama-3.avif 1672w, https:\/\/verimin.com.tr\/blog\/wp-content\/uploads\/2026\/08\/windows-sunucu-kiralama-3-300x169.avif 300w, https:\/\/verimin.com.tr\/blog\/wp-content\/uploads\/2026\/08\/windows-sunucu-kiralama-3-1024x576.avif 1024w, https:\/\/verimin.com.tr\/blog\/wp-content\/uploads\/2026\/08\/windows-sunucu-kiralama-3-768x432.avif 768w, https:\/\/verimin.com.tr\/blog\/wp-content\/uploads\/2026\/08\/windows-sunucu-kiralama-3-1536x864.avif 1536w, https:\/\/verimin.com.tr\/blog\/wp-content\/uploads\/2026\/08\/windows-sunucu-kiralama-3-195x110.avif 195w, https:\/\/verimin.com.tr\/blog\/wp-content\/uploads\/2026\/08\/windows-sunucu-kiralama-3-390x220.avif 390w, https:\/\/verimin.com.tr\/blog\/wp-content\/uploads\/2026\/08\/windows-sunucu-kiralama-3-1170x658.avif 1170w\" sizes=\"auto, (max-width: 1672px) 100vw, 1672px\" \/><\/figure>\r\n\r\n\r\n\r\n<p class=\"wp-block-paragraph\">Windows sunucu, ayn\u0131 i\u015fi yapan Linux sunucudan yakla\u015f\u0131k 5 kat fazla RAM ve 8 kat fazla disk alan\u0131 t\u00fcketir. Fark, Windows Server&#8217;\u0131n grafik masa\u00fcst\u00fc aray\u00fcz\u00fcn\u00fc ve arka plan servislerini s\u00fcrekli \u00e7al\u0131\u015ft\u0131rmas\u0131ndan kaynaklan\u0131r. \u0130ki i\u015fletim sisteminin bo\u015ftaki kaynak t\u00fcketimi ve maliyet yap\u0131s\u0131 a\u015fa\u011f\u0131daki tabloda kar\u015f\u0131la\u015ft\u0131r\u0131lm\u0131\u015ft\u0131r.<\/p>\r\n\r\n\r\n\r\n<figure class=\"wp-block-table\"><table>\r\n<thead><tr><th>Bile\u015fen<\/th><th>Windows Server<\/th><th>Linux da\u011f\u0131t\u0131m\u0131<\/th><\/tr><\/thead>\r\n<tbody>\r\n<tr><td>Bo\u015ftaki RAM t\u00fcketimi<\/td><td>1,5 &#8211; 2 GB<\/td><td>200 &#8211; 400 MB<\/td><\/tr>\r\n<tr><td>Kurulum disk alan\u0131<\/td><td>40 GB<\/td><td>2 &#8211; 8 GB<\/td><\/tr>\r\n<tr><td>Lisans maliyeti<\/td><td>Ayl\u0131k kiralama bedeline dahil \u00fccretli lisans<\/td><td>Lisans \u00fccreti yok<\/td><\/tr>\r\n<tr><td>Aray\u00fcz<\/td><td>Grafik masa\u00fcst\u00fc, RDP ile eri\u015fim<\/td><td>Komut sat\u0131r\u0131, SSH ile eri\u015fim<\/td><\/tr>\r\n<\/tbody>\r\n<\/table><\/figure>\r\n\r\n\r\n\r\n<p class=\"wp-block-paragraph\">Tablodaki fark, ayn\u0131 uygulamay\u0131 \u00e7al\u0131\u015ft\u0131rmak i\u00e7in Windows sunucuda daha y\u00fcksek kaynak paketi se\u00e7ilmesi gerekti\u011fi anlam\u0131na gelir. Linux taraf\u0131ndaki yap\u0131land\u0131rmay\u0131 <a href=\"https:\/\/verimin.com.tr\/blog\/linux-vds\">Linux VDS<\/a> yaz\u0131s\u0131nda ele ald\u0131k; i\u015fletim sistemi se\u00e7imi ise \u00e7al\u0131\u015ft\u0131r\u0131lacak uygulaman\u0131n gereksinimine ba\u011fl\u0131d\u0131r.<\/p>\r\n\r\n\r\n\r\n<h2 class=\"wp-block-heading\"><span class=\"ez-toc-section\" id=\"Windows_Sunucu_Hangi_Projelerde_Tercih_Edilir\"><\/span>Windows Sunucu Hangi Projelerde Tercih Edilir?<span class=\"ez-toc-section-end\"><\/span><\/h2>\r\n\r\n\r\n\r\n<p class=\"wp-block-paragraph\">Windows sunucu, Microsoft teknolojilerine ba\u011f\u0131ml\u0131 uygulamalar\u0131n \u00e7al\u0131\u015ft\u0131r\u0131lmas\u0131 gereken projelerde tercih edilir. Windows sunucunun zorunlu oldu\u011fu alt\u0131 kullan\u0131m senaryosu \u015funlard\u0131r:<\/p>\r\n\r\n\r\n\r\n<ul class=\"wp-block-list\">\r\n\r\n<li><strong>ASP.NET uygulamalar\u0131.<\/strong> .NET Framework tabanl\u0131 web uygulamalar\u0131 IIS web sunucusuna ihtiya\u00e7 duyar ve IIS yaln\u0131zca Windows Server \u00fczerinde \u00e7al\u0131\u015f\u0131r.<\/li>\r\n\r\n\r\n<li><strong>MSSQL veritabanlar\u0131.<\/strong> Microsoft SQL Server&#8217;\u0131n kurumsal \u00f6zellikleri ve y\u00f6netim ara\u00e7lar\u0131 Windows Server ortam\u0131nda tam olarak desteklenir.<\/li>\r\n\r\n\r\n<li><strong>Muhasebe ve ERP yaz\u0131l\u0131mlar\u0131.<\/strong> T\u00fcrkiye&#8217;de yayg\u0131n kullan\u0131lan \u00f6n muhasebe ve ERP paketleri Windows istemci mimarisiyle yaz\u0131lm\u0131\u015ft\u0131r.<\/li>\r\n\r\n\r\n<li><strong>Borsa ve analiz terminalleri.<\/strong> Arac\u0131 kurum terminalleri Windows masa\u00fcst\u00fc uygulamas\u0131 olarak da\u011f\u0131t\u0131l\u0131r ve kesintisiz \u00e7al\u0131\u015fmas\u0131 i\u00e7in sunucuda bar\u0131nd\u0131r\u0131l\u0131r.<\/li>\r\n\r\n\r\n<li><strong>Uzak masa\u00fcst\u00fc ile ortak \u00e7al\u0131\u015fma.<\/strong> Birden fazla kullan\u0131c\u0131n\u0131n ayn\u0131 program\u0131 ayn\u0131 veri \u00fczerinde kullanmas\u0131 RDS oturumlar\u0131yla sa\u011flan\u0131r.<\/li>\r\n\r\n\r\n<li><strong>Active Directory ortamlar\u0131.<\/strong> Kullan\u0131c\u0131, cihaz ve yetki y\u00f6netiminin merkezile\u015ftirilmesi Windows Server&#8217;\u0131n etki alan\u0131 denetleyicisi rol\u00fcyle yap\u0131l\u0131r.<\/li>\r\n\r\n<\/ul>\r\n\r\n\r\n\r\n<p class=\"wp-block-paragraph\">Alt\u0131 senaryonun ortak noktas\u0131, uygulaman\u0131n Linux \u00fczerinde \u00e7al\u0131\u015fm\u0131yor olmas\u0131d\u0131r. Veritaban\u0131 bar\u0131nd\u0131ran kurulumlarda dikkat edilecek kalemleri <a href=\"https:\/\/verimin.com.tr\/blog\/veritabani-sunucusu-nedir\">veritaban\u0131 sunucusu<\/a> yaz\u0131s\u0131nda toplad\u0131k.<\/p>\r\n\r\n\r\n\r\n<h2 class=\"wp-block-heading\"><span class=\"ez-toc-section\" id=\"Windows_Sunucu_Kiralama_Fiyatlari_Neye_Gore_Degisir\"><\/span>Windows Sunucu Kiralama Fiyatlar\u0131 Neye G\u00f6re De\u011fi\u015fir?<span class=\"ez-toc-section-end\"><\/span><\/h2>\r\n\r\n\r\n\r\n<p class=\"wp-block-paragraph\">Windows sunucu kiralama fiyat\u0131, se\u00e7ilen kaynak paketine ve eklenen lisanslara g\u00f6re de\u011fi\u015fir. Ayl\u0131k bedeli belirleyen be\u015f kalem \u015funlard\u0131r:<\/p>\r\n\r\n\r\n\r\n<ul class=\"wp-block-list\">\r\n\r\n<li><strong>vCPU say\u0131s\u0131.<\/strong> \u00c7ekirdek say\u0131s\u0131 artt\u0131k\u00e7a sunucunun fiziksel makineden ald\u0131\u011f\u0131 i\u015flem pay\u0131 artar.<\/li>\r\n\r\n\r\n<li><strong>RAM miktar\u0131.<\/strong> Windows Server&#8217;\u0131n taban t\u00fcketimi y\u00fcksek oldu\u011fu i\u00e7in RAM, fiyat \u00fczerinde en belirleyici kalemdir.<\/li>\r\n\r\n\r\n<li><strong>Disk t\u00fcr\u00fc ve kapasitesi.<\/strong> NVMe disk, SATA SSD&#8217;ye g\u00f6re daha y\u00fcksek okuma yazma h\u0131z\u0131 sunar ve fiyatland\u0131rmas\u0131 farkl\u0131d\u0131r.<\/li>\r\n\r\n\r\n<li><strong>Lokasyon.<\/strong> T\u00fcrkiye ve yurt d\u0131\u015f\u0131 veri merkezlerinin bant geni\u015fli\u011fi maliyetleri farkl\u0131d\u0131r.<\/li>\r\n\r\n\r\n<li><strong>Ek lisanslar.<\/strong> RDS CAL, MSSQL Server ve Plesk lisanslar\u0131 ayl\u0131k bedele eklenir.<\/li>\r\n\r\n<\/ul>\r\n\r\n\r\n\r\n<p class=\"wp-block-paragraph\">Be\u015f kalemin kombinasyonu paket fiyat\u0131n\u0131 olu\u015fturur. G\u00fcncel yap\u0131land\u0131rma ve fiyat listesi i\u00e7in <a href=\"https:\/\/verimin.com.tr\/vds-satin-al\">VDS sat\u0131n al<\/a> sayfas\u0131n\u0131 inceleyebilirsiniz.<\/p>\r\n\r\n\r\n\r\n<h3 class=\"wp-block-heading\"><span class=\"ez-toc-section\" id=\"Windows_Sunucu_Kiralamak_mi_Satin_Almak_mi_Daha_Avantajli\"><\/span>Windows Sunucu Kiralamak m\u0131 Sat\u0131n Almak m\u0131 Daha Avantajl\u0131?<span class=\"ez-toc-section-end\"><\/span><\/h3>\r\n\r\n\r\n\r\n<p class=\"wp-block-paragraph\">Windows sunucu kiralama, donan\u0131m yat\u0131r\u0131m\u0131 ve lisans bedelini tek seferde \u00f6demek yerine ayl\u0131k gidere d\u00f6n\u00fc\u015ft\u00fcrd\u00fc\u011f\u00fc i\u00e7in ba\u015flang\u0131\u00e7 maliyetini d\u00fc\u015f\u00fcr\u00fcr. Sat\u0131n alma y\u00f6ntemi uzun vadeli ve kaynak ihtiyac\u0131 sabit projelerde toplam maliyeti azalt\u0131r. \u0130ki y\u00f6ntemin maliyet kar\u015f\u0131la\u015ft\u0131rmas\u0131n\u0131 <a href=\"https:\/\/verimin.com.tr\/blog\/vds-satin-almak-mi-yoksa-kiralamak-mi\">VDS sat\u0131n almak m\u0131 kiralamak m\u0131<\/a> yaz\u0131s\u0131nda ayr\u0131nt\u0131l\u0131 olarak hesaplad\u0131k.<\/p>\r\n\r\n\r\n\r\n<h3 class=\"wp-block-heading\"><span class=\"ez-toc-section\" id=\"Windows_Sunucu_Hangi_Lokasyonlarda_Kiralanir\"><\/span>Windows Sunucu Hangi Lokasyonlarda Kiralan\u0131r?<span class=\"ez-toc-section-end\"><\/span><\/h3>\r\n\r\n\r\n\r\n<p class=\"wp-block-paragraph\">Windows sunucu, T\u00fcrkiye ve yurt d\u0131\u015f\u0131 veri merkezi lokasyonlar\u0131nda kiralan\u0131r. Ziyaret\u00e7ilerinin \u00e7o\u011funlu\u011fu T\u00fcrkiye&#8217;de olan projelerde T\u00fcrkiye lokasyonunu, hedef kitlesi Avrupa veya Kuzey Amerika&#8217;da olan projelerde yurt d\u0131\u015f\u0131 lokasyonunu kuruyoruz. Lokasyon se\u00e7imi sunucunun teknik \u00f6zelliklerini de\u011fi\u015ftirmez, yaln\u0131zca kullan\u0131c\u0131 ile sunucu aras\u0131ndaki gecikme s\u00fcresini etkiler. Lokasyonun performansa yans\u0131mas\u0131n\u0131 <a href=\"https:\/\/verimin.com.tr\/blog\/turkiye-lokasyon-vds\">T\u00fcrkiye lokasyonlu VDS<\/a> yaz\u0131s\u0131nda \u00f6l\u00e7t\u00fck.<\/p>\r\n\r\n\r\n\r\n<h3 class=\"wp-block-heading\"><span class=\"ez-toc-section\" id=\"Ucretsiz_Windows_Sunucu_Var_mi\"><\/span>\u00dccretsiz Windows Sunucu Var m\u0131?<span class=\"ez-toc-section-end\"><\/span><\/h3>\r\n\r\n\r\n\r\n<p class=\"wp-block-paragraph\"><strong>Hay\u0131r, \u00fccretsiz Windows sunucu bulunmaz.<\/strong> Windows Server lisans\u0131 Microsoft taraf\u0131ndan \u00fccretli olarak sat\u0131l\u0131r ve lisans bedeli sunucu sa\u011flay\u0131c\u0131s\u0131n\u0131n maliyetine yans\u0131r. \u00dccretsiz olarak sunulan Windows sunucu hizmetleri, s\u00fcresi 30 g\u00fcn ile s\u0131n\u0131rl\u0131 deneme paketleridir ve s\u00fcre bitiminde sunucu kapat\u0131l\u0131r.<\/p>\r\n\r\n\r\n\r\n<h3 class=\"wp-block-heading\"><span class=\"ez-toc-section\" id=\"Windows_Sunucuda_Isletim_Sistemi_Sonradan_Degistirilir_mi\"><\/span>Windows Sunucuda \u0130\u015fletim Sistemi Sonradan De\u011fi\u015ftirilir mi?<span class=\"ez-toc-section-end\"><\/span><\/h3>\r\n\r\n\r\n\r\n<p class=\"wp-block-paragraph\"><strong>Evet, Windows sunucuda i\u015fletim sistemi sonradan de\u011fi\u015ftirilir.<\/strong> De\u011fi\u015fiklik i\u015flemi yeniden kurulum gerektirir, yani sunucunun diski bi\u00e7imlendirilir ve mevcut veriler silinir. Windows sunucudan Linux da\u011f\u0131t\u0131m\u0131na veya farkl\u0131 bir Windows Server s\u00fcr\u00fcm\u00fcne ge\u00e7meden \u00f6nce verilerin yedeklenmesi zorunludur.<\/p>\r\n\r\n\r\n\r\n<h3 class=\"wp-block-heading\"><span class=\"ez-toc-section\" id=\"Windows_Sunucuya_Yedekleme_Kurulur_mu\"><\/span>Windows Sunucuya Yedekleme Kurulur mu?<span class=\"ez-toc-section-end\"><\/span><\/h3>\r\n\r\n\r\n\r\n<p class=\"wp-block-paragraph\"><strong>Evet, Windows sunucuya yedekleme kurulur.<\/strong> Windows Server Backup, i\u015fletim sistemi i\u00e7inden dosya ve klas\u00f6r d\u00fczeyinde yedek al\u0131r; sa\u011flay\u0131c\u0131 taraf\u0131ndaki anl\u0131k g\u00f6r\u00fcnt\u00fc (snapshot) ise sunucunun diskinin tamam\u0131n\u0131 belirli bir ana ait kopya olarak saklar ve ar\u0131za durumunda sunucuyu birka\u00e7 dakika i\u00e7inde geri d\u00f6nd\u00fcr\u00fcr. Yedekleme politikas\u0131n\u0131n kurulumunu ve izlenmesini <a href=\"https:\/\/verimin.com.tr\/yonetilen-sunucu\">y\u00f6netilen sunucu<\/a> hizmetimiz kapsam\u0131nda \u00fcstleniyoruz.<\/p>\r\n\r\n\r\n\r\n<h3 class=\"wp-block-heading\"><span class=\"ez-toc-section\" id=\"Windows_Sunucu_Kiralama_Islemi_Ne_Kadar_Surede_Tamamlanir\"><\/span>Windows Sunucu Kiralama \u0130\u015flemi Ne Kadar S\u00fcrede Tamamlan\u0131r?<span class=\"ez-toc-section-end\"><\/span><\/h3>\r\n\r\n\r\n\r\n<p class=\"wp-block-paragraph\">Windows sunucu kiralama i\u015flemi, \u00f6demenin onaylanmas\u0131ndan sonra ortalama 15 dakika i\u00e7inde tamamlan\u0131r. Windows Server kurulumu otomatik olarak yap\u0131l\u0131r ve sunucunun IP adresi, y\u00f6netici kullan\u0131c\u0131 ad\u0131 ile parolas\u0131 e-posta ile iletilir. Kurulum sonras\u0131nda ba\u011flant\u0131, s\u00fcr\u00fcm de\u011fi\u015fikli\u011fi ve panel taleplerinizi teknik destek ekibimize iletebilirsiniz; <a href=\"https:\/\/verimin.com.tr\/iletisim\">teknik destek<\/a> hatt\u0131m\u0131z haftan\u0131n 7 g\u00fcn\u00fc a\u00e7\u0131kt\u0131r.<\/p>\r\n","protected":false},"excerpt":{"rendered":"<p>Windows sunucu kiralama, Windows Server i\u015fletim sistemi kurulu sanal sunucunun ayl\u0131k olarak kiralanmas\u0131d\u0131r. RDP eri\u015fimini, lisans modelini, Linux ile fark\u0131n\u0131 ve hangi projelerde tercih edilmesi gerekti\u011fini a\u00e7\u0131kl\u0131yoruz.<\/p>\n","protected":false},"author":1,"featured_media":2085,"comment_status":"open","ping_status":"open","sticky":false,"template":"","format":"standard","meta":{"footnotes":""},"categories":[1],"tags":[],"class_list":["post-2101","post","type-post","status-publish","format-standard","has-post-thumbnail","hentry","category-genel"],"_links":{"self":[{"href":"https:\/\/verimin.com.tr\/blog\/wp-json\/wp\/v2\/posts\/2101","targetHints":{"allow":["GET"]}}],"collection":[{"href":"https:\/\/verimin.com.tr\/blog\/wp-json\/wp\/v2\/posts"}],"about":[{"href":"https:\/\/verimin.com.tr\/blog\/wp-json\/wp\/v2\/types\/post"}],"author":[{"embeddable":true,"href":"https:\/\/verimin.com.tr\/blog\/wp-json\/wp\/v2\/users\/1"}],"replies":[{"embeddable":true,"href":"https:\/\/verimin.com.tr\/blog\/wp-json\/wp\/v2\/comments?post=2101"}],"version-history":[{"count":1,"href":"https:\/\/verimin.com.tr\/blog\/wp-json\/wp\/v2\/posts\/2101\/revisions"}],"predecessor-version":[{"id":2105,"href":"https:\/\/verimin.com.tr\/blog\/wp-json\/wp\/v2\/posts\/2101\/revisions\/2105"}],"wp:featuredmedia":[{"embeddable":true,"href":"https:\/\/verimin.com.tr\/blog\/wp-json\/wp\/v2\/media\/2085"}],"wp:attachment":[{"href":"https:\/\/verimin.com.tr\/blog\/wp-json\/wp\/v2\/media?parent=2101"}],"wp:term":[{"taxonomy":"category","embeddable":true,"href":"https:\/\/verimin.com.tr\/blog\/wp-json\/wp\/v2\/categories?post=2101"},{"taxonomy":"post_tag","embeddable":true,"href":"https:\/\/verimin.com.tr\/blog\/wp-json\/wp\/v2\/tags?post=2101"}],"curies":[{"name":"wp","href":"https:\/\/api.w.org\/{rel}","templated":true}]}}