{"id":2047,"date":"2026-08-16T16:33:11","date_gmt":"2026-08-16T13:33:11","guid":{"rendered":"https:\/\/verimin.com.tr\/blog\/?p=2047"},"modified":"2026-08-16T16:33:11","modified_gmt":"2026-08-16T13:33:11","slug":"disk-kapasitesi-secimi","status":"publish","type":"post","link":"https:\/\/verimin.com.tr\/blog\/disk-kapasitesi-secimi\/","title":{"rendered":"Disk Kapasitesi Nedir?"},"content":{"rendered":"<p>Disk kapasitesi, sunucuda i\u015fletim sistemi, uygulama dosyalar\u0131, veritaban\u0131, e-posta ve yedekler i\u00e7in kullan\u0131labilen toplam depolama alan\u0131d\u0131r. Genellikle GB veya TB ile ifade edilir. Kapasite yaln\u0131zca &#8220;ne kadar veri saklar\u0131m&#8221; sorusunu de\u011fil, sunucunun kesintisiz \u00e7al\u0131\u015f\u0131p \u00e7al\u0131\u015famayaca\u011f\u0131n\u0131 da belirler.<\/p>\n<div id=\"ez-toc-container\" class=\"ez-toc-v2_0_73 ez-toc-wrap-left counter-flat ez-toc-counter ez-toc-white ez-toc-container-direction\">\n<div class=\"ez-toc-title-container\">\n<div class=\"ez-toc-title\" style=\"cursor:inherit\">\u0130\u00e7erik Ba\u015fl\u0131klar\u0131:<\/div>\n<span class=\"ez-toc-title-toggle\"><a href=\"#\" class=\"ez-toc-pull-right ez-toc-btn ez-toc-btn-xs ez-toc-btn-default ez-toc-toggle\" aria-label=\"Toggle Table of Content\"><span class=\"ez-toc-js-icon-con\"><span class=\"\"><span class=\"eztoc-hide\" style=\"display:none;\">Toggle<\/span><span class=\"ez-toc-icon-toggle-span\"><svg style=\"fill: #999;color:#999\" xmlns=\"http:\/\/www.w3.org\/2000\/svg\" class=\"list-377408\" width=\"20px\" height=\"20px\" viewBox=\"0 0 24 24\" fill=\"none\"><path d=\"M6 6H4v2h2V6zm14 0H8v2h12V6zM4 11h2v2H4v-2zm16 0H8v2h12v-2zM4 16h2v2H4v-2zm16 0H8v2h12v-2z\" fill=\"currentColor\"><\/path><\/svg><svg style=\"fill: #999;color:#999\" class=\"arrow-unsorted-368013\" xmlns=\"http:\/\/www.w3.org\/2000\/svg\" width=\"10px\" height=\"10px\" viewBox=\"0 0 24 24\" version=\"1.2\" baseProfile=\"tiny\"><path d=\"M18.2 9.3l-6.2-6.3-6.2 6.3c-.2.2-.3.4-.3.7s.1.5.3.7c.2.2.4.3.7.3h11c.3 0 .5-.1.7-.3.2-.2.3-.5.3-.7s-.1-.5-.3-.7zM5.8 14.7l6.2 6.3 6.2-6.3c.2-.2.3-.5.3-.7s-.1-.5-.3-.7c-.2-.2-.4-.3-.7-.3h-11c-.3 0-.5.1-.7.3-.2.2-.3.5-.3.7s.1.5.3.7z\"\/><\/svg><\/span><\/span><\/span><\/a><\/span><\/div>\n<nav><ul class='ez-toc-list ez-toc-list-level-1 ' ><li class='ez-toc-page-1'><a class=\"ez-toc-link ez-toc-heading-1\" href=\"https:\/\/verimin.com.tr\/blog\/disk-kapasitesi-secimi\/#Disk_kapasitesi_ile_disk_hizi_arasindaki_fark_nedir\" title=\"Disk kapasitesi ile disk h\u0131z\u0131 aras\u0131ndaki fark nedir?\">Disk kapasitesi ile disk h\u0131z\u0131 aras\u0131ndaki fark nedir?<\/a><\/li><li class='ez-toc-page-1'><a class=\"ez-toc-link ez-toc-heading-2\" href=\"https:\/\/verimin.com.tr\/blog\/disk-kapasitesi-secimi\/#Sunucuda_diski_neler_doldurur\" title=\"Sunucuda diski neler doldurur?\">Sunucuda diski neler doldurur?<\/a><\/li><li class='ez-toc-page-1'><a class=\"ez-toc-link ez-toc-heading-3\" href=\"https:\/\/verimin.com.tr\/blog\/disk-kapasitesi-secimi\/#Ne_kadar_disk_kapasitesi_gerekir\" title=\"Ne kadar disk kapasitesi gerekir?\">Ne kadar disk kapasitesi gerekir?<\/a><\/li><li class='ez-toc-page-1'><a class=\"ez-toc-link ez-toc-heading-4\" href=\"https:\/\/verimin.com.tr\/blog\/disk-kapasitesi-secimi\/#Disk_doldugunda_ne_olur\" title=\"Disk doldu\u011funda ne olur?\">Disk doldu\u011funda ne olur?<\/a><\/li><li class='ez-toc-page-1'><a class=\"ez-toc-link ez-toc-heading-5\" href=\"https:\/\/verimin.com.tr\/blog\/disk-kapasitesi-secimi\/#Disk_kapasitesi_sonradan_artirilabilir_mi\" title=\"Disk kapasitesi sonradan art\u0131r\u0131labilir mi?\">Disk kapasitesi sonradan art\u0131r\u0131labilir mi?<\/a><\/li><li class='ez-toc-page-1'><a class=\"ez-toc-link ez-toc-heading-6\" href=\"https:\/\/verimin.com.tr\/blog\/disk-kapasitesi-secimi\/#Sikca_sorulan_sorular\" title=\"S\u0131k\u00e7a sorulan sorular\">S\u0131k\u00e7a sorulan sorular<\/a><\/li><\/ul><\/nav><\/div>\n<h2><span class=\"ez-toc-section\" id=\"Disk_kapasitesi_ile_disk_hizi_arasindaki_fark_nedir\"><\/span>Disk kapasitesi ile disk h\u0131z\u0131 aras\u0131ndaki fark nedir?<span class=\"ez-toc-section-end\"><\/span><\/h2>\n<p>Kapasite ne kadar veri sakland\u0131\u011f\u0131n\u0131, h\u0131z ise o veriye ne kadar \u00e7abuk eri\u015fildi\u011fini anlat\u0131r. \u0130kisi birbirinden ba\u011f\u0131ms\u0131zd\u0131r: b\u00fcy\u00fck ama yava\u015f bir disk de, k\u00fc\u00e7\u00fck ama \u00e7ok h\u0131zl\u0131 bir disk de m\u00fcmk\u00fcnd\u00fcr.<\/p>\n<p>Sunucu se\u00e7iminde bu ayr\u0131m\u0131 g\u00f6zden ka\u00e7\u0131rmak yayg\u0131n bir hatad\u0131r. Veritaban\u0131 yo\u011fun bir uygulamada as\u0131l belirleyici olan h\u0131zd\u0131r; ar\u015fiv veya medya dosyas\u0131 saklayan bir sistemde ise kapasite \u00f6ne \u00e7\u0131kar. Depolama teknolojilerinin performans fark\u0131n\u0131 <a href=\"https:\/\/verimin.com.tr\/blog\/ssd-ve-hdd-vds-sunucular-arasindaki-farklar\">SSD ve HDD VDS sunucular aras\u0131ndaki farklar<\/a> yaz\u0131s\u0131nda ele ald\u0131k.<\/p>\n<p>Pratik yakla\u015f\u0131m, iki ihtiyac\u0131 ay\u0131rmakt\u0131r: s\u0131k eri\u015filen veriyi h\u0131zl\u0131 diskte, seyrek eri\u015filen ar\u015fivi daha ekonomik alanda tutmak \u00e7o\u011fu kurulumda dengeyi sa\u011flar.<\/p>\n<figure class=\"wp-block-image size-large\"><img loading=\"lazy\" decoding=\"async\" width=\"1672\" height=\"941\" src=\"https:\/\/verimin.com.tr\/blog\/wp-content\/uploads\/2026\/08\/disk-kapasitesi-secimi-2.png\" alt=\"Sunucuda diski neler doldurur?\" class=\"wp-image-2019\" srcset=\"https:\/\/verimin.com.tr\/blog\/wp-content\/uploads\/2026\/08\/disk-kapasitesi-secimi-2.png 1672w, https:\/\/verimin.com.tr\/blog\/wp-content\/uploads\/2026\/08\/disk-kapasitesi-secimi-2-300x169.png 300w, https:\/\/verimin.com.tr\/blog\/wp-content\/uploads\/2026\/08\/disk-kapasitesi-secimi-2-1024x576.png 1024w, https:\/\/verimin.com.tr\/blog\/wp-content\/uploads\/2026\/08\/disk-kapasitesi-secimi-2-768x432.png 768w, https:\/\/verimin.com.tr\/blog\/wp-content\/uploads\/2026\/08\/disk-kapasitesi-secimi-2-1536x864.png 1536w, https:\/\/verimin.com.tr\/blog\/wp-content\/uploads\/2026\/08\/disk-kapasitesi-secimi-2-195x110.png 195w, https:\/\/verimin.com.tr\/blog\/wp-content\/uploads\/2026\/08\/disk-kapasitesi-secimi-2-390x220.png 390w, https:\/\/verimin.com.tr\/blog\/wp-content\/uploads\/2026\/08\/disk-kapasitesi-secimi-2-1170x658.png 1170w\" sizes=\"auto, (max-width: 1672px) 100vw, 1672px\" \/><\/figure>\n<h2><span class=\"ez-toc-section\" id=\"Sunucuda_diski_neler_doldurur\"><\/span>Sunucuda diski neler doldurur?<span class=\"ez-toc-section-end\"><\/span><\/h2>\n<p>Kapasite planlarken yaln\u0131zca site dosyalar\u0131 hesaba kat\u0131l\u0131rsa alan beklenenden \u00e7ok daha erken dolar. Diski dolduran ba\u015fl\u0131ca kalemler \u015funlard\u0131r:<\/p>\n<ul>\n<li><strong>\u0130\u015fletim sistemi ve sistem paketleri.<\/strong> Kurulumun kendisi ba\u015ftan belirli bir alan tutar.<\/li>\n<li><strong>Uygulama dosyalar\u0131.<\/strong> Site i\u00e7eri\u011fi, eklentiler, k\u00fct\u00fcphaneler.<\/li>\n<li><strong>Veritaban\u0131.<\/strong> Kay\u0131t say\u0131s\u0131yla birlikte s\u00fcrekli b\u00fcy\u00fcr; ayr\u0131ca indeksler ek yer tutar.<\/li>\n<li><strong>Kullan\u0131c\u0131 y\u00fcklemeleri.<\/strong> G\u00f6rsel, PDF, video gibi dosyalar en h\u0131zl\u0131 b\u00fcy\u00fcyen kalemdir.<\/li>\n<li><strong>E-posta kutular\u0131.<\/strong> Sunucuda e-posta bar\u0131nd\u0131r\u0131l\u0131yorsa, eski postalar sessizce birikir.<\/li>\n<li><strong>Yedekler.<\/strong> Yerelde tutulan yedekler, verinin kendisi kadar veya daha fazla yer kaplayabilir.<\/li>\n<li><strong>Log dosyalar\u0131.<\/strong> Web sunucusu ve uygulama g\u00fcnl\u00fckleri, d\u00f6ng\u00fcye al\u0131nmazsa disk doldurman\u0131n en sinsi nedenidir.<\/li>\n<li><strong>\u00d6nbellek ve ge\u00e7ici dosyalar.<\/strong> Otomatik temizlenmeyen ge\u00e7ici dizinler zamanla \u015fi\u015fer.<\/li>\n<\/ul>\n<h2><span class=\"ez-toc-section\" id=\"Ne_kadar_disk_kapasitesi_gerekir\"><\/span>Ne kadar disk kapasitesi gerekir?<span class=\"ez-toc-section-end\"><\/span><\/h2>\n<p>Hesap, mevcut kullan\u0131mdan ba\u015flar ve \u00fczerine b\u00fcy\u00fcme pay\u0131 eklenir. Uygulanabilir bir y\u00f6ntem \u015f\u00f6yledir:<\/p>\n<p><strong>1. Bug\u00fcnk\u00fc kullan\u0131m\u0131 \u00f6l\u00e7\u00fcn.<\/strong> Mevcut bir sunucunuz varsa `df -h` \u00e7\u0131kt\u0131s\u0131 ger\u00e7ek durumu verir; tahmin yerine \u00f6l\u00e7\u00fcm kullan\u0131n.<\/p>\n<p><strong>2. B\u00fcy\u00fcme h\u0131z\u0131n\u0131 bulun.<\/strong> Ayn\u0131 \u00f6l\u00e7\u00fcm\u00fc bir ay arayla tekrarlamak, ayl\u0131k art\u0131\u015f\u0131 g\u00f6sterir. Kullan\u0131c\u0131 y\u00fcklemesi alan sistemlerde bu de\u011fer beklenenden y\u00fcksek \u00e7\u0131kar.<\/p>\n<p><strong>3. Yedek pay\u0131n\u0131 ekleyin.<\/strong> Sunucuda yedek tutacaksan\u0131z, saklanacak yedek say\u0131s\u0131yla \u00e7arp\u0131lm\u0131\u015f bir alan gerekir.<\/p>\n<p><strong>4. Bo\u015f alan pay\u0131 b\u0131rak\u0131n.<\/strong> Diskin tamamen dolmas\u0131na yakla\u015fmak riskli oldu\u011fu i\u00e7in, kullan\u0131labilir alan\u0131n belirli bir k\u0131sm\u0131n\u0131n s\u00fcrekli bo\u015f kalmas\u0131 planlanmal\u0131d\u0131r.<\/p>\n<p><strong>5. S\u00f6zle\u015fme s\u00fcresine g\u00f6re projeksiyon yap\u0131n.<\/strong> Y\u0131ll\u0131k al\u0131nan bir sunucuda bir y\u0131l sonraki hacim hesaba kat\u0131lmal\u0131d\u0131r.<\/p>\n<figure class=\"wp-block-image size-large\"><img loading=\"lazy\" decoding=\"async\" width=\"1672\" height=\"941\" src=\"https:\/\/verimin.com.tr\/blog\/wp-content\/uploads\/2026\/08\/disk-kapasitesi-secimi-3.png\" alt=\"Disk doldu\u011funda ne olur?\" class=\"wp-image-2020\" srcset=\"https:\/\/verimin.com.tr\/blog\/wp-content\/uploads\/2026\/08\/disk-kapasitesi-secimi-3.png 1672w, https:\/\/verimin.com.tr\/blog\/wp-content\/uploads\/2026\/08\/disk-kapasitesi-secimi-3-300x169.png 300w, https:\/\/verimin.com.tr\/blog\/wp-content\/uploads\/2026\/08\/disk-kapasitesi-secimi-3-1024x576.png 1024w, https:\/\/verimin.com.tr\/blog\/wp-content\/uploads\/2026\/08\/disk-kapasitesi-secimi-3-768x432.png 768w, https:\/\/verimin.com.tr\/blog\/wp-content\/uploads\/2026\/08\/disk-kapasitesi-secimi-3-1536x864.png 1536w, https:\/\/verimin.com.tr\/blog\/wp-content\/uploads\/2026\/08\/disk-kapasitesi-secimi-3-195x110.png 195w, https:\/\/verimin.com.tr\/blog\/wp-content\/uploads\/2026\/08\/disk-kapasitesi-secimi-3-390x220.png 390w, https:\/\/verimin.com.tr\/blog\/wp-content\/uploads\/2026\/08\/disk-kapasitesi-secimi-3-1170x658.png 1170w\" sizes=\"auto, (max-width: 1672px) 100vw, 1672px\" \/><\/figure>\n<h2><span class=\"ez-toc-section\" id=\"Disk_doldugunda_ne_olur\"><\/span>Disk doldu\u011funda ne olur?<span class=\"ez-toc-section-end\"><\/span><\/h2>\n<p>Sunucu yava\u015flamaz, \u00e7al\u0131\u015fmay\u0131 durdurur. Bu, disk kapasitesini di\u011fer kaynaklardan ay\u0131ran en \u00f6nemli \u00f6zelliktir: RAM veya i\u015flemci yetersizli\u011fi performans d\u00fc\u015f\u00fc\u015f\u00fc olarak hissedilirken, dolu disk do\u011frudan hataya yol a\u00e7ar.<\/p>\n<p>Tipik sonu\u00e7lar \u015funlard\u0131r: veritaban\u0131 yeni kay\u0131t yazamad\u0131\u011f\u0131 i\u00e7in uygulama hata verir, oturum dosyalar\u0131 olu\u015fturulamad\u0131\u011f\u0131 i\u00e7in kullan\u0131c\u0131lar giri\u015f yapamaz, log yaz\u0131lamad\u0131\u011f\u0131 i\u00e7in sorunun nedeni de kayda ge\u00e7mez. E-posta sunucusu gelen postalar\u0131 reddeder.<\/p>\n<p>Bu y\u00fczden disk kullan\u0131m\u0131n\u0131n izlenmesi ve belirli bir e\u015fi\u011fe gelindi\u011finde uyar\u0131 \u00fcretilmesi, kapasite planlamas\u0131n\u0131n ayr\u0131lmaz par\u00e7as\u0131d\u0131r. Sorun genellikle bir anda de\u011fil, aylar i\u00e7inde sessizce olu\u015fur.<\/p>\n<h2><span class=\"ez-toc-section\" id=\"Disk_kapasitesi_sonradan_artirilabilir_mi\"><\/span>Disk kapasitesi sonradan art\u0131r\u0131labilir mi?<span class=\"ez-toc-section-end\"><\/span><\/h2>\n<p>Sanal sunucularda genellikle m\u00fcmk\u00fcnd\u00fcr. Art\u0131rma iki bi\u00e7imde yap\u0131l\u0131r: mevcut diskin b\u00fcy\u00fct\u00fclmesi veya ek bir diskin sunucuya ba\u011flanmas\u0131.<\/p>\n<p>Mevcut diski b\u00fcy\u00fctmek \u00e7o\u011fu durumda daha pratiktir, ancak i\u015fletim sistemi taraf\u0131nda dosya sisteminin de geni\u015fletilmesi gerekir; bu ad\u0131m atlan\u0131rsa panelde alan artm\u0131\u015f g\u00f6r\u00fcnse de sunucu yeni alan\u0131 kullanamaz.<\/p>\n<p>Ek disk ba\u011flamak ise veriyi ayr\u0131\u015ft\u0131rmak isteyenler i\u00e7in uygundur: sistem bir diskte, kullan\u0131c\u0131 dosyalar\u0131 veya yedekler ayr\u0131 bir diskte tutulur. Bu yap\u0131, log veya y\u00fckleme kaynakl\u0131 bir \u015fi\u015fmenin sistemi durdurmas\u0131n\u0131 da engeller.<\/p>\n<p>Kapasite ve depolama tipi se\u00e7eneklerini kar\u015f\u0131la\u015ft\u0131rmak i\u00e7in <a href=\"https:\/\/verimin.com.tr\/vds-satin-al\">VDS sat\u0131n alma<\/a> sayfas\u0131na bakabilirsiniz.<\/p>\n<h2><span class=\"ez-toc-section\" id=\"Sikca_sorulan_sorular\"><\/span>S\u0131k\u00e7a sorulan sorular<span class=\"ez-toc-section-end\"><\/span><\/h2>\n<p><strong>Panelde g\u00f6r\u00fcnen kapasite ile kullan\u0131labilir alan neden farkl\u0131?<\/strong><\/p>\n<p>\u0130\u015fletim sistemi ve dosya sistemi belirli bir alan\u0131 kendisi i\u00e7in ay\u0131r\u0131r. Ayr\u0131ca \u00fcreticiler kapasiteyi ondal\u0131k, i\u015fletim sistemleri ikili sistemde hesaplad\u0131\u011f\u0131 i\u00e7in say\u0131sal bir fark da olu\u015fur.<\/p>\n<p><strong>Yedeklerimi ayn\u0131 diskte tutmam sorun mu?<\/strong><\/p>\n<p>Hem kapasite hem g\u00fcvenlik a\u00e7\u0131s\u0131ndan sorunludur. Yedekler alan\u0131 h\u0131zla doldurur ve disk ar\u0131zas\u0131nda veriyle birlikte kaybolur. Yedeklerin harici bir hedefte tutulmas\u0131 gerekir.<\/p>\n<p><strong>Disk kapasitesi sitemin h\u0131z\u0131n\u0131 etkiler mi?<\/strong><\/p>\n<p>Kapasitenin kendisi h\u0131z\u0131 belirlemez, ancak disk dolmaya yakla\u015ft\u0131\u011f\u0131nda dosya sistemi verimlili\u011fi d\u00fc\u015fer ve \u00f6nbellek alan\u0131 kalmad\u0131\u011f\u0131 i\u00e7in yava\u015flama g\u00f6r\u00fclebilir. As\u0131l h\u0131z belirleyicisi diskin tipi ve IOPS de\u011feridir.<\/p>\n<p><strong>Kapasiteyi k\u00fc\u00e7\u00fcltebilir miyim?<\/strong><\/p>\n<p>\u00c7o\u011fu sa\u011flay\u0131c\u0131da disk b\u00fcy\u00fctmek m\u00fcmk\u00fcnken k\u00fc\u00e7\u00fcltmek desteklenmez; k\u00fc\u00e7\u00fcltme veri kayb\u0131 riski ta\u015f\u0131r. Bu nedenle kapasiteyi gere\u011finden b\u00fcy\u00fck se\u00e7mek yerine, \u00f6l\u00e7\u00fcme dayal\u0131 bir ba\u015flang\u0131\u00e7 yap\u0131p gerektik\u00e7e art\u0131rmak daha do\u011frudur.<\/p>\n","protected":false},"excerpt":{"rendered":"<p>Disk kapasitesi, sunucuda veri saklamak i\u00e7in ayr\u0131lan toplam aland\u0131r. \u0130htiyac\u0131n nas\u0131l hesaplanaca\u011f\u0131n\u0131, yedek ve log pay\u0131n\u0131, disk doldu\u011funda ne oldu\u011funu ve kapasite art\u0131rma yollar\u0131n\u0131 anlat\u0131yoruz.<\/p>\n","protected":false},"author":1,"featured_media":2018,"comment_status":"open","ping_status":"open","sticky":false,"template":"","format":"standard","meta":{"footnotes":""},"categories":[1],"tags":[],"class_list":["post-2047","post","type-post","status-publish","format-standard","has-post-thumbnail","hentry","category-genel"],"_links":{"self":[{"href":"https:\/\/verimin.com.tr\/blog\/wp-json\/wp\/v2\/posts\/2047","targetHints":{"allow":["GET"]}}],"collection":[{"href":"https:\/\/verimin.com.tr\/blog\/wp-json\/wp\/v2\/posts"}],"about":[{"href":"https:\/\/verimin.com.tr\/blog\/wp-json\/wp\/v2\/types\/post"}],"author":[{"embeddable":true,"href":"https:\/\/verimin.com.tr\/blog\/wp-json\/wp\/v2\/users\/1"}],"replies":[{"embeddable":true,"href":"https:\/\/verimin.com.tr\/blog\/wp-json\/wp\/v2\/comments?post=2047"}],"version-history":[{"count":1,"href":"https:\/\/verimin.com.tr\/blog\/wp-json\/wp\/v2\/posts\/2047\/revisions"}],"predecessor-version":[{"id":2057,"href":"https:\/\/verimin.com.tr\/blog\/wp-json\/wp\/v2\/posts\/2047\/revisions\/2057"}],"wp:featuredmedia":[{"embeddable":true,"href":"https:\/\/verimin.com.tr\/blog\/wp-json\/wp\/v2\/media\/2018"}],"wp:attachment":[{"href":"https:\/\/verimin.com.tr\/blog\/wp-json\/wp\/v2\/media?parent=2047"}],"wp:term":[{"taxonomy":"category","embeddable":true,"href":"https:\/\/verimin.com.tr\/blog\/wp-json\/wp\/v2\/categories?post=2047"},{"taxonomy":"post_tag","embeddable":true,"href":"https:\/\/verimin.com.tr\/blog\/wp-json\/wp\/v2\/tags?post=2047"}],"curies":[{"name":"wp","href":"https:\/\/api.w.org\/{rel}","templated":true}]}}