{"id":2046,"date":"2026-08-16T16:33:09","date_gmt":"2026-08-16T13:33:09","guid":{"rendered":"https:\/\/verimin.com.tr\/blog\/?p=2046"},"modified":"2026-08-16T18:38:45","modified_gmt":"2026-08-16T15:38:45","slug":"cpu-cekirdegi-secimi","status":"publish","type":"post","link":"https:\/\/verimin.com.tr\/blog\/cpu-cekirdegi-secimi\/","title":{"rendered":"CPU \u00c7ekirde\u011fi Nedir?"},"content":{"rendered":"<p>CPU \u00e7ekirde\u011fi, i\u015flemcinin i\u00e7inde yer alan ve komutlar\u0131 ba\u011f\u0131ms\u0131z olarak y\u00fcr\u00fctebilen i\u015flem birimidir. D\u00f6rt \u00e7ekirdekli bir i\u015flemci, d\u00f6rt ayr\u0131 i\u015fi ayn\u0131 anda y\u00fcr\u00fctebilir. Sunucularda \u00e7ekirdek say\u0131s\u0131, ayn\u0131 anda ka\u00e7 iste\u011fin beklemeye girmeden kar\u015f\u0131lanabilece\u011fini belirledi\u011fi i\u00e7in do\u011frudan kapasiteyle ilgilidir.<\/p>\n<div id=\"ez-toc-container\" class=\"ez-toc-v2_0_73 ez-toc-wrap-left counter-flat ez-toc-counter ez-toc-white ez-toc-container-direction\">\n<div class=\"ez-toc-title-container\">\n<div class=\"ez-toc-title\" style=\"cursor:inherit\">\u0130\u00e7erik Ba\u015fl\u0131klar\u0131:<\/div>\n<span class=\"ez-toc-title-toggle\"><a href=\"#\" class=\"ez-toc-pull-right ez-toc-btn ez-toc-btn-xs ez-toc-btn-default ez-toc-toggle\" aria-label=\"Toggle Table of Content\"><span class=\"ez-toc-js-icon-con\"><span class=\"\"><span class=\"eztoc-hide\" style=\"display:none;\">Toggle<\/span><span class=\"ez-toc-icon-toggle-span\"><svg style=\"fill: #999;color:#999\" xmlns=\"http:\/\/www.w3.org\/2000\/svg\" class=\"list-377408\" width=\"20px\" height=\"20px\" viewBox=\"0 0 24 24\" fill=\"none\"><path d=\"M6 6H4v2h2V6zm14 0H8v2h12V6zM4 11h2v2H4v-2zm16 0H8v2h12v-2zM4 16h2v2H4v-2zm16 0H8v2h12v-2z\" fill=\"currentColor\"><\/path><\/svg><svg style=\"fill: #999;color:#999\" class=\"arrow-unsorted-368013\" xmlns=\"http:\/\/www.w3.org\/2000\/svg\" width=\"10px\" height=\"10px\" viewBox=\"0 0 24 24\" version=\"1.2\" baseProfile=\"tiny\"><path d=\"M18.2 9.3l-6.2-6.3-6.2 6.3c-.2.2-.3.4-.3.7s.1.5.3.7c.2.2.4.3.7.3h11c.3 0 .5-.1.7-.3.2-.2.3-.5.3-.7s-.1-.5-.3-.7zM5.8 14.7l6.2 6.3 6.2-6.3c.2-.2.3-.5.3-.7s-.1-.5-.3-.7c-.2-.2-.4-.3-.7-.3h-11c-.3 0-.5.1-.7.3-.2.2-.3.5-.3.7s.1.5.3.7z\"\/><\/svg><\/span><\/span><\/span><\/a><\/span><\/div>\n<nav><ul class='ez-toc-list ez-toc-list-level-1 ' ><li class='ez-toc-page-1'><a class=\"ez-toc-link ez-toc-heading-1\" href=\"https:\/\/verimin.com.tr\/blog\/cpu-cekirdegi-secimi\/#Cekirdek_sayisi_ile_cekirdek_hizi_arasindaki_fark_nedir\" title=\"\u00c7ekirdek say\u0131s\u0131 ile \u00e7ekirdek h\u0131z\u0131 aras\u0131ndaki fark nedir?\">\u00c7ekirdek say\u0131s\u0131 ile \u00e7ekirdek h\u0131z\u0131 aras\u0131ndaki fark nedir?<\/a><\/li><li class='ez-toc-page-1'><a class=\"ez-toc-link ez-toc-heading-2\" href=\"https:\/\/verimin.com.tr\/blog\/cpu-cekirdegi-secimi\/#vCPU_nedir_fiziksel_cekirdekten_farki_ne\" title=\"vCPU nedir, fiziksel \u00e7ekirdekten fark\u0131 ne?\">vCPU nedir, fiziksel \u00e7ekirdekten fark\u0131 ne?<\/a><\/li><li class='ez-toc-page-1'><a class=\"ez-toc-link ez-toc-heading-3\" href=\"https:\/\/verimin.com.tr\/blog\/cpu-cekirdegi-secimi\/#Sunucu_icin_kac_cekirdek_gerekir\" title=\"Sunucu i\u00e7in ka\u00e7 \u00e7ekirdek gerekir?\">Sunucu i\u00e7in ka\u00e7 \u00e7ekirdek gerekir?<\/a><\/li><li class='ez-toc-page-1'><a class=\"ez-toc-link ez-toc-heading-4\" href=\"https:\/\/verimin.com.tr\/blog\/cpu-cekirdegi-secimi\/#Ihtiyacin_islemcide_oldugu_nasil_anlasilir\" title=\"\u0130htiyac\u0131n i\u015flemcide oldu\u011fu nas\u0131l anla\u015f\u0131l\u0131r?\">\u0130htiyac\u0131n i\u015flemcide oldu\u011fu nas\u0131l anla\u015f\u0131l\u0131r?<\/a><\/li><li class='ez-toc-page-1'><a class=\"ez-toc-link ez-toc-heading-5\" href=\"https:\/\/verimin.com.tr\/blog\/cpu-cekirdegi-secimi\/#Cekirdek_sayisi_sonradan_artirilabilir_mi\" title=\"\u00c7ekirdek say\u0131s\u0131 sonradan art\u0131r\u0131labilir mi?\">\u00c7ekirdek say\u0131s\u0131 sonradan art\u0131r\u0131labilir mi?<\/a><\/li><li class='ez-toc-page-1'><a class=\"ez-toc-link ez-toc-heading-6\" href=\"https:\/\/verimin.com.tr\/blog\/cpu-cekirdegi-secimi\/#Sikca_sorulan_sorular\" title=\"S\u0131k\u00e7a sorulan sorular\">S\u0131k\u00e7a sorulan sorular<\/a><\/li><\/ul><\/nav><\/div>\n<h2><span class=\"ez-toc-section\" id=\"Cekirdek_sayisi_ile_cekirdek_hizi_arasindaki_fark_nedir\"><\/span>\u00c7ekirdek say\u0131s\u0131 ile \u00e7ekirdek h\u0131z\u0131 aras\u0131ndaki fark nedir?<span class=\"ez-toc-section-end\"><\/span><\/h2>\n<p>\u0130kisi farkl\u0131 sorulara cevap verir. \u00c7ekirdek h\u0131z\u0131 (GHz), tek bir i\u015fin ne kadar \u00e7abuk bitti\u011fini; \u00e7ekirdek say\u0131s\u0131 ise ka\u00e7 i\u015fin ayn\u0131 anda y\u00fcr\u00fcyebildi\u011fini belirler.<\/p>\n<p>Bu ayr\u0131m pratikte \u015funa d\u00f6n\u00fc\u015f\u00fcr: tek bir kullan\u0131c\u0131n\u0131n a\u00e7t\u0131\u011f\u0131 a\u011f\u0131r bir sayfa, y\u00fcksek saat h\u0131z\u0131ndan fayda g\u00f6r\u00fcr. Ayn\u0131 anda y\u00fcz kullan\u0131c\u0131n\u0131n site gezmesi ise \u00e7ok \u00e7ekirdekten fayda g\u00f6r\u00fcr. Bir\u00e7ok sunucu i\u015f y\u00fck\u00fc ikinci gruba girer, \u00e7\u00fcnk\u00fc web sunucusu her iste\u011fi ayr\u0131 bir i\u015f par\u00e7ac\u0131\u011f\u0131 olarak ele al\u0131r.<\/p>\n<p>Yanl\u0131\u015f anla\u015f\u0131lan nokta \u015fudur: \u00e7ekirdek say\u0131s\u0131n\u0131 iki kat\u0131na \u00e7\u0131karmak, tek bir i\u015flemi iki kat h\u0131zland\u0131rmaz. Yaln\u0131zca ayn\u0131 anda daha fazla i\u015flem y\u00fcr\u00fct\u00fclmesini sa\u011flar. Tek \u00e7ekirdek \u00fczerinde \u00e7al\u0131\u015fan bir hesaplama, sekiz \u00e7ekirdekli sunucuda da ayn\u0131 s\u00fcrede biter.<\/p>\n<figure class=\"wp-block-image size-large\"><img loading=\"lazy\" decoding=\"async\" width=\"1672\" height=\"941\" src=\"https:\/\/verimin.com.tr\/blog\/wp-content\/uploads\/2026\/08\/cpu-cekirdegi-secimi-2.png\" alt=\"vCPU nedir, fiziksel \u00e7ekirdekten fark\u0131 ne?\" class=\"wp-image-2016\" srcset=\"https:\/\/verimin.com.tr\/blog\/wp-content\/uploads\/2026\/08\/cpu-cekirdegi-secimi-2.png 1672w, https:\/\/verimin.com.tr\/blog\/wp-content\/uploads\/2026\/08\/cpu-cekirdegi-secimi-2-300x169.png 300w, https:\/\/verimin.com.tr\/blog\/wp-content\/uploads\/2026\/08\/cpu-cekirdegi-secimi-2-1024x576.png 1024w, https:\/\/verimin.com.tr\/blog\/wp-content\/uploads\/2026\/08\/cpu-cekirdegi-secimi-2-768x432.png 768w, https:\/\/verimin.com.tr\/blog\/wp-content\/uploads\/2026\/08\/cpu-cekirdegi-secimi-2-1536x864.png 1536w, https:\/\/verimin.com.tr\/blog\/wp-content\/uploads\/2026\/08\/cpu-cekirdegi-secimi-2-195x110.png 195w, https:\/\/verimin.com.tr\/blog\/wp-content\/uploads\/2026\/08\/cpu-cekirdegi-secimi-2-390x220.png 390w, https:\/\/verimin.com.tr\/blog\/wp-content\/uploads\/2026\/08\/cpu-cekirdegi-secimi-2-1170x658.png 1170w\" sizes=\"auto, (max-width: 1672px) 100vw, 1672px\" \/><\/figure>\n<h2><span class=\"ez-toc-section\" id=\"vCPU_nedir_fiziksel_cekirdekten_farki_ne\"><\/span>vCPU nedir, fiziksel \u00e7ekirdekten fark\u0131 ne?<span class=\"ez-toc-section-end\"><\/span><\/h2>\n<p>vCPU (sanal i\u015flemci), sanal sunuculara tahsis edilen i\u015flem birimidir. Sanalla\u015ft\u0131rma katman\u0131, fiziksel \u00e7ekirdekleri sanal sunucular aras\u0131nda payla\u015ft\u0131r\u0131r ve her sunucuya belirli say\u0131da vCPU sunar.<\/p>\n<p>Fark, tahsis bi\u00e7imindedir. Bir fiziksel \u00e7ekirdek yaln\u0131zca sizindir; bir vCPU ise \u00e7o\u011fu yap\u0131land\u0131rmada fiziksel bir \u00e7ekirde\u011fin zaman dilimlerine kar\u015f\u0131l\u0131k gelir. Ayn\u0131 fiziksel makinede ba\u015fka sunucular da \u00e7al\u0131\u015ft\u0131\u011f\u0131 i\u00e7in, kom\u015fu yo\u011funlu\u011fu performans\u0131 etkileyebilir.<\/p>\n<table>\n<thead>\n<tr>\n<th><\/th>\n<th>Fiziksel \u00e7ekirdek<\/th>\n<th>vCPU<\/th>\n<\/tr>\n<\/thead>\n<tbody>\n<tr>\n<td>Tahsis<\/td>\n<td>Tam ve kesintisiz<\/td>\n<td>Zaman dilimli, payla\u015f\u0131ml\u0131 olabilir<\/td>\n<\/tr>\n<tr>\n<td>Performans tutarl\u0131l\u0131\u011f\u0131<\/td>\n<td>Y\u00fcksek<\/td>\n<td>Sa\u011flay\u0131c\u0131 politikas\u0131na ba\u011fl\u0131<\/td>\n<\/tr>\n<tr>\n<td>\u00d6l\u00e7eklendirme<\/td>\n<td>Donan\u0131m de\u011fi\u015fimi gerekir<\/td>\n<td>Panelden art\u0131r\u0131labilir<\/td>\n<\/tr>\n<tr>\n<td>Maliyet<\/td>\n<td>Y\u00fcksek<\/td>\n<td>D\u00fc\u015f\u00fck<\/td>\n<\/tr>\n<\/tbody>\n<\/table>\n<p>Bu tablo, sa\u011flay\u0131c\u0131ya sorulacak as\u0131l soruyu da i\u015faret eder: vCPU&#8217;lar garantili mi, yoksa payla\u015f\u0131ml\u0131 m\u0131? Garantili yap\u0131land\u0131rmalarda kom\u015fu y\u00fck\u00fc performans\u0131n\u0131za yans\u0131maz.<\/p>\n<h2><span class=\"ez-toc-section\" id=\"Sunucu_icin_kac_cekirdek_gerekir\"><\/span>Sunucu i\u00e7in ka\u00e7 \u00e7ekirdek gerekir?<span class=\"ez-toc-section-end\"><\/span><\/h2>\n<p>Do\u011fru say\u0131, i\u015f y\u00fck\u00fcn\u00fcn t\u00fcr\u00fcne g\u00f6re belirlenir. Genel bir \u00e7er\u00e7eve \u015f\u00f6yle \u00e7izilebilir:<\/p>\n<ul>\n<li><strong>Tan\u0131t\u0131m sitesi, blog, kurumsal site.<\/strong> E\u015fzamanl\u0131 ziyaret\u00e7i say\u0131s\u0131 d\u00fc\u015f\u00fckse az say\u0131da \u00e7ekirdek yeterlidir; darbo\u011faz genellikle i\u015flemcide de\u011fildir.<\/li>\n<li><strong>E-ticaret sitesi.<\/strong> \u00dcr\u00fcn filtreleme ve sepet i\u015flemleri her istekte hesaplama \u00fcretir. Kampanya d\u00f6nemlerindeki tepe y\u00fck\u00fc, ortalama y\u00fcke g\u00f6re planlamay\u0131 yan\u0131lt\u0131r.<\/li>\n<li><strong>Veritaban\u0131 sunucusu.<\/strong> E\u015fzamanl\u0131 sorgu say\u0131s\u0131 artt\u0131k\u00e7a \u00e7ekirdek talebi artar; ancak burada RAM \u00e7o\u011fu zaman i\u015flemciden daha kritiktir.<\/li>\n<li><strong>Uygulama ve API sunucular\u0131.<\/strong> Her istek ba\u011f\u0131ms\u0131z i\u015flendi\u011fi i\u00e7in \u00e7ok \u00e7ekirdekten do\u011frudan fayda g\u00f6r\u00fcr.<\/li>\n<li><strong>Video kodlama, derleme, veri i\u015fleme.<\/strong> Bu i\u015fler \u00e7ekirdek say\u0131s\u0131yla neredeyse do\u011frusal h\u0131zlan\u0131r; en \u00e7ok fayda g\u00f6ren kategoridir.<\/li>\n<\/ul>\n<p>Say\u0131y\u0131 tahminle de\u011fil \u00f6l\u00e7\u00fcmle belirlemek gerekir. Mevcut bir sunucunuz varsa yo\u011fun saatlerdeki i\u015flemci kullan\u0131m\u0131na bakmak, en g\u00fcvenilir ba\u015flang\u0131\u00e7 noktas\u0131d\u0131r.<\/p>\n<figure class=\"wp-block-image size-large\"><img loading=\"lazy\" decoding=\"async\" width=\"1672\" height=\"941\" src=\"https:\/\/verimin.com.tr\/blog\/wp-content\/uploads\/2026\/08\/cpu-cekirdegi-secimi-3.png\" alt=\"\u0130htiyac\u0131n i\u015flemcide oldu\u011fu nas\u0131l anla\u015f\u0131l\u0131r?\" class=\"wp-image-2017\" srcset=\"https:\/\/verimin.com.tr\/blog\/wp-content\/uploads\/2026\/08\/cpu-cekirdegi-secimi-3.png 1672w, https:\/\/verimin.com.tr\/blog\/wp-content\/uploads\/2026\/08\/cpu-cekirdegi-secimi-3-300x169.png 300w, https:\/\/verimin.com.tr\/blog\/wp-content\/uploads\/2026\/08\/cpu-cekirdegi-secimi-3-1024x576.png 1024w, https:\/\/verimin.com.tr\/blog\/wp-content\/uploads\/2026\/08\/cpu-cekirdegi-secimi-3-768x432.png 768w, https:\/\/verimin.com.tr\/blog\/wp-content\/uploads\/2026\/08\/cpu-cekirdegi-secimi-3-1536x864.png 1536w, https:\/\/verimin.com.tr\/blog\/wp-content\/uploads\/2026\/08\/cpu-cekirdegi-secimi-3-195x110.png 195w, https:\/\/verimin.com.tr\/blog\/wp-content\/uploads\/2026\/08\/cpu-cekirdegi-secimi-3-390x220.png 390w, https:\/\/verimin.com.tr\/blog\/wp-content\/uploads\/2026\/08\/cpu-cekirdegi-secimi-3-1170x658.png 1170w\" sizes=\"auto, (max-width: 1672px) 100vw, 1672px\" \/><\/figure>\n<h2><span class=\"ez-toc-section\" id=\"Ihtiyacin_islemcide_oldugu_nasil_anlasilir\"><\/span>\u0130htiyac\u0131n i\u015flemcide oldu\u011fu nas\u0131l anla\u015f\u0131l\u0131r?<span class=\"ez-toc-section-end\"><\/span><\/h2>\n<p>Sunucu yava\u015flad\u0131\u011f\u0131nda ilk refleks \u00e7ekirdek eklemektir; oysa yava\u015fl\u0131\u011f\u0131n kayna\u011f\u0131 \u00e7o\u011fu zaman ba\u015fka yerdedir. Ayr\u0131m\u0131 yapmak i\u00e7in \u00fc\u00e7 g\u00f6stergeye bak\u0131l\u0131r.<\/p>\n<p><strong>\u0130\u015flemci kullan\u0131m oran\u0131.<\/strong> Yo\u011fun saatlerde s\u00fcrekli y\u00fcksek seyrediyorsa i\u015flemci ger\u00e7ekten darbo\u011fazd\u0131r. K\u0131sa s\u0131\u00e7ramalar normaldir.<\/p>\n<p><strong>Y\u00fck ortalamas\u0131 (load average).<\/strong> Bu de\u011fer \u00e7ekirdek say\u0131s\u0131n\u0131n belirgin bi\u00e7imde \u00fczerindeyse, i\u015fler kuyrukta bekliyor demektir.<\/p>\n<p><strong>Bekleme t\u00fcr\u00fc.<\/strong> \u0130\u015flemci bo\u015ftayken sistem yine de yava\u015fsa, bekleme diskte veya bellektedir. Bu durumda \u00e7ekirdek eklemek sonucu de\u011fi\u015ftirmez.<\/p>\n<p>Bellek taraf\u0131n\u0131n nas\u0131l planlanaca\u011f\u0131n\u0131 <a href=\"https:\/\/verimin.com.tr\/blog\/sunucu-ram\">sunucu RAM<\/a> yaz\u0131s\u0131nda ele ald\u0131k; iki kayna\u011f\u0131 birlikte de\u011ferlendirmek gerekir.<\/p>\n<h2><span class=\"ez-toc-section\" id=\"Cekirdek_sayisi_sonradan_artirilabilir_mi\"><\/span>\u00c7ekirdek say\u0131s\u0131 sonradan art\u0131r\u0131labilir mi?<span class=\"ez-toc-section-end\"><\/span><\/h2>\n<p>Sanal sunucularda bu genellikle m\u00fcmk\u00fcnd\u00fcr ve fiziksel sunucuya g\u00f6re \u00e7ok daha h\u0131zl\u0131d\u0131r. Yap\u0131land\u0131rma de\u011fi\u015fikli\u011fi panelden talep edilir; \u00e7o\u011fu durumda sunucunun yeniden ba\u015flat\u0131lmas\u0131 yeterlidir.<\/p>\n<p>Bu esneklik, ba\u015flang\u0131\u00e7ta gere\u011finden b\u00fcy\u00fck bir sunucu alman\u0131n gereksiz oldu\u011fu anlam\u0131na gelir. \u00d6l\u00e7\u00fclen ihtiyaca yak\u0131n bir yap\u0131land\u0131rmayla ba\u015flay\u0131p, izleme verisi biriktik\u00e7e b\u00fcy\u00fctmek hem ekonomik hem daha isabetlidir. Mevcut yap\u0131land\u0131rma se\u00e7eneklerini <a href=\"https:\/\/verimin.com.tr\/sanal-sunucu\">sanal sunucu sayfas\u0131ndan<\/a> inceleyebilirsiniz.<\/p>\n<h2><span class=\"ez-toc-section\" id=\"Sikca_sorulan_sorular\"><\/span>S\u0131k\u00e7a sorulan sorular<span class=\"ez-toc-section-end\"><\/span><\/h2>\n<p><strong>\u00c7ekirdek say\u0131s\u0131n\u0131 art\u0131rmak siteyi h\u0131zland\u0131r\u0131r m\u0131?<\/strong><\/p>\n<p>Yaln\u0131zca darbo\u011faz i\u015flemcideyse. E\u015fzamanl\u0131 ziyaret\u00e7i say\u0131s\u0131 y\u00fcz\u00fcnden istekler kuyrukta bekliyorsa fayda belirgindir. Yava\u015fl\u0131k disk, bellek veya uygulama kodundan kaynaklan\u0131yorsa de\u011fi\u015fiklik hissedilmez.<\/p>\n<p><strong>Thread ile \u00e7ekirdek ayn\u0131 \u015fey mi?<\/strong><\/p>\n<p>De\u011fil. \u00c7ekirdek fiziksel bir birimdir; thread ise bir \u00e7ekirde\u011fin ayn\u0131 anda birden fazla i\u015f par\u00e7ac\u0131\u011f\u0131 y\u00fcr\u00fctebilmesidir. Sekiz \u00e7ekirdekli bir i\u015flemci on alt\u0131 thread sunabilir, ancak bu on alt\u0131 \u00e7ekirdek anlam\u0131na gelmez.<\/p>\n<p><strong>Az \u00e7ekirdek ama y\u00fcksek h\u0131z m\u0131, \u00e7ok \u00e7ekirdek ama d\u00fc\u015f\u00fck h\u0131z m\u0131?<\/strong><\/p>\n<p>E\u015fzamanl\u0131 istek say\u0131s\u0131 y\u00fcksekse \u00e7ok \u00e7ekirdek; tek tek a\u011f\u0131r i\u015flemler \u00e7al\u0131\u015ft\u0131r\u0131l\u0131yorsa y\u00fcksek saat h\u0131z\u0131 \u00f6nceliklidir. Web sunucular\u0131 \u00e7o\u011funlukla birinci gruba girer.<\/p>\n<p><strong>Kullanmad\u0131\u011f\u0131m \u00e7ekirdek zarar verir mi?<\/strong><\/p>\n<p>Performans a\u00e7\u0131s\u0131ndan zarar vermez, yaln\u0131zca maliyet olarak kal\u0131r. Kullan\u0131lmayan kapasitenin tek ger\u00e7ek kar\u015f\u0131l\u0131\u011f\u0131 \u00f6denen \u00fccrettir.<\/p>\n","protected":false},"excerpt":{"rendered":"<p>CPU \u00e7ekirde\u011fi, i\u015flemcinin ba\u011f\u0131ms\u0131z i\u015f y\u00fcr\u00fctebilen birimidir. \u00c7ekirdek say\u0131s\u0131n\u0131n sunucu performans\u0131na etkisini, vCPU kavram\u0131n\u0131 ve ihtiyac\u0131n nas\u0131l hesaplanaca\u011f\u0131n\u0131 anlat\u0131yoruz.<\/p>\n","protected":false},"author":1,"featured_media":2015,"comment_status":"open","ping_status":"open","sticky":false,"template":"","format":"standard","meta":{"footnotes":""},"categories":[1],"tags":[],"class_list":["post-2046","post","type-post","status-publish","format-standard","has-post-thumbnail","hentry","category-genel"],"_links":{"self":[{"href":"https:\/\/verimin.com.tr\/blog\/wp-json\/wp\/v2\/posts\/2046","targetHints":{"allow":["GET"]}}],"collection":[{"href":"https:\/\/verimin.com.tr\/blog\/wp-json\/wp\/v2\/posts"}],"about":[{"href":"https:\/\/verimin.com.tr\/blog\/wp-json\/wp\/v2\/types\/post"}],"author":[{"embeddable":true,"href":"https:\/\/verimin.com.tr\/blog\/wp-json\/wp\/v2\/users\/1"}],"replies":[{"embeddable":true,"href":"https:\/\/verimin.com.tr\/blog\/wp-json\/wp\/v2\/comments?post=2046"}],"version-history":[{"count":2,"href":"https:\/\/verimin.com.tr\/blog\/wp-json\/wp\/v2\/posts\/2046\/revisions"}],"predecessor-version":[{"id":2061,"href":"https:\/\/verimin.com.tr\/blog\/wp-json\/wp\/v2\/posts\/2046\/revisions\/2061"}],"wp:featuredmedia":[{"embeddable":true,"href":"https:\/\/verimin.com.tr\/blog\/wp-json\/wp\/v2\/media\/2015"}],"wp:attachment":[{"href":"https:\/\/verimin.com.tr\/blog\/wp-json\/wp\/v2\/media?parent=2046"}],"wp:term":[{"taxonomy":"category","embeddable":true,"href":"https:\/\/verimin.com.tr\/blog\/wp-json\/wp\/v2\/categories?post=2046"},{"taxonomy":"post_tag","embeddable":true,"href":"https:\/\/verimin.com.tr\/blog\/wp-json\/wp\/v2\/tags?post=2046"}],"curies":[{"name":"wp","href":"https:\/\/api.w.org\/{rel}","templated":true}]}}